{"id":3439,"date":"2026-02-26T16:14:32","date_gmt":"2026-02-26T15:14:32","guid":{"rendered":"https:\/\/www.ekconcept.pl\/blog\/?p=3439"},"modified":"2026-03-19T14:56:32","modified_gmt":"2026-03-19T13:56:32","slug":"lampy-wiklinowe-nowy-trend-we-wnetrzach","status":"publish","type":"post","link":"https:\/\/www.ekconcept.pl\/blog\/lampy-wiklinowe-nowy-trend-we-wnetrzach\/","title":{"rendered":"Ponadczasowe lampy wiklinowe i rattanowe: trendy 2026"},"content":{"rendered":"\n<p><\/p>\n\n\n\n<p>Naturalne plecionki to co\u015b wi\u0119cej ni\u017c chwilowa moda. To powr\u00f3t do rzemios\u0142a i materia\u0142\u00f3w, kt\u00f3re starzej\u0105 si\u0119 z niezwyk\u0142\u0105 klas\u0105. Cho\u0107 trendy wn\u0119trzarskie ewoluuj\u0105, <strong><a href=\"https:\/\/www.ekconcept.pl\/lampy-wiszace-wiklinowe-cat-20\">lampy wiklinowe<\/a><\/strong> niezmiennie utrzymuj\u0105 status projektowego \u201epewniaka\u201d, kt\u00f3ry potrafi ca\u0142kowicie odmieni\u0107 charakter Twojego domu. W 2026 roku stawiamy na <strong>autentyczno\u015b\u0107<\/strong>, szukaj\u0105c o\u015bwietlenia, kt\u00f3re niesie ze sob\u0105 histori\u0119 i unikalny charakter. Idziemy te\u017c <strong>w stron\u0119 minimalizmu<\/strong> \u2013 lampy rattanowe to ju\u017c coraz cz\u0119\u015bciej pojedynczy dodatek, ni\u017c baza ca\u0142ego wn\u0119trza.<\/p>\n\n\n\n<!--more-->\n\n\n\n<div class=\"wp-block-rank-math-toc-block moj-spis-premium has-col-f-8-f-8-f-8-background-color has-text-color has-background has-link-color wp-elements-39db805cb5579cfa935177672ac596db\" style=\"color:#333333;font-size:16px\" id=\"rank-math-toc\"><h2>Czego dowiesz si\u0119 z tego artyku\u0142u?<\/h2><nav><ul><li class=\"\"><a href=\"#wiklina-rattan-czy-lniana-plecionka-poznaj-roznice\">Wiklina, rattan czy lniana plecionka? Poznaj r\u00f3\u017cnice<\/a><ul><li class=\"\"><a href=\"#lampa-rattanowa-i-lampa-wiklinowa-azurowa-konstrukcja-rozne-materialy\">Lampa rattanowa i lampa wiklinowa \u2013 a\u017curowa konstrukcja, r\u00f3\u017cne materia\u0142y<\/a><\/li><\/ul><\/li><li class=\"\"><a href=\"#jak-lampy-wiklinowe-definiuja-styl-boho\">Jak lampy wiklinowe definiuj\u0105 styl boho?<\/a><ul><li class=\"\"><a href=\"#lampa-stolowa-rattanowa-w-stylu-boho\">Lampa sto\u0142owa rattanowa w stylu boho<\/a><\/li><\/ul><\/li><li class=\"\"><a href=\"#plecione-modele-stozkowe-czyli-lampy-rattanowe-w-stylu-japandi\">Plecione modele sto\u017ckowe, czyli lampy rattanowe w stylu japandi<\/a><\/li><li class=\"\"><a href=\"#czy-lampy-rattanowe-pasuja-do-nowoczesnych-wnetrz\">Czy lampy rattanowe pasuj\u0105 do nowoczesnych wn\u0119trz?<\/a><ul><li class=\"\"><a href=\"#jak-oswietlenie-z-rattanu-przelamuje-surowy-minimalizm\">Jak o\u015bwietlenie z rattanu prze\u0142amuje surowy minimalizm<\/a><\/li><li class=\"\"><a href=\"#rattanowe-lampy-nad-stol-w-nowoczesnych-wnetrzach\">Rattanowe lampy nad st\u00f3\u0142 w nowoczesnych wn\u0119trzach<\/a><\/li><\/ul><\/li><li class=\"\"><a href=\"#gra-swiatla-i-cienia-nastroj-ktory-buduje-relacje\">Gra \u015bwiat\u0142a i cienia \u2013 nastr\u00f3j, kt\u00f3ry buduje relacje<\/a><\/li><li class=\"\"><a href=\"#jak-dbac-o-oswietlenie-z-naturalnych-materialow\">Jak dba\u0107 o o\u015bwietlenie z naturalnych materia\u0142\u00f3w?<\/a><\/li><li class=\"\"><a href=\"#ponadczasowe-modele-z-naturalnych-materialow\">Ponadczasowe modele z naturalnych materia\u0142\u00f3w<\/a><\/li><li class=\"\"><a href=\"#zainspiruj-sie-i-postaw-na-design-lampy-rattanowe-najwyzszej-jakosci\">Zainspiruj si\u0119 i postaw na design \u2013 lampy rattanowe najwy\u017cszej jako\u015bci<\/a><\/li><\/ul><\/nav><\/div>\n\n\n\n<p><\/p>\n\n\n\n<h2 class=\"wp-block-heading\" id=\"wiklina-rattan-czy-lniana-plecionka-poznaj-roznice\">Wiklina, rattan czy lniana plecionka? Poznaj r\u00f3\u017cnice<\/h2>\n\n\n\n<p>Wybieraj\u0105c o\u015bwietlenie z naturalnych surowc\u00f3w, cz\u0119sto spotykasz si\u0119 z nazwami u\u017cywanymi zamiennie. Cho\u0107 potocznie ka\u017cdy model o lekkiej strukturze nazywamy <strong>lamp\u0105 rattanow\u0105<\/strong> lub wiklinow\u0105, warto zna\u0107 subtelne r\u00f3\u017cnice mi\u0119dzy tymi materia\u0142ami.<\/p>\n\n\n<div class=\"wp-block-image\">\n<figure class=\"aligncenter\"><a href=\"https:\/\/www.ekconcept.pl\/duza-wiklinowa-lampa-wiszaca-maja-naturalna-id-645\"><img loading=\"lazy\" decoding=\"async\" width=\"845\" height=\"684\" src=\"https:\/\/www.ekconcept.pl\/blog\/wp-content\/uploads\/2018\/02\/Wiklinowe-lampy-wiszace-Maja-PR-Home-845x684.jpg\" alt=\"Lampy wiklinowe wisz\u0105ce Maja PR Home\" class=\"wp-image-3435\" title=\"\" srcset=\"https:\/\/www.ekconcept.pl\/blog\/wp-content\/uploads\/2018\/02\/Wiklinowe-lampy-wiszace-Maja-PR-Home-845x684.jpg 845w, https:\/\/www.ekconcept.pl\/blog\/wp-content\/uploads\/2018\/02\/Wiklinowe-lampy-wiszace-Maja-PR-Home-495x400.jpg 495w\" sizes=\"auto, (max-width: 845px) 100vw, 845px\" \/><\/a><figcaption class=\"wp-element-caption\">Du\u017ce, wiklinowe lampy wisz\u0105ce w naturalnym kolorze<\/figcaption><\/figure>\n<\/div>\n\n\n<h3 class=\"wp-block-heading\" id=\"lampa-rattanowa-i-lampa-wiklinowa-azurowa-konstrukcja-rozne-materialy\">Lampa rattanowa i lampa wiklinowa \u2013 a\u017curowa konstrukcja, r\u00f3\u017cne materia\u0142y<\/h3>\n\n\n\n<p><strong>Wiklina<\/strong> to m\u0142ode p\u0119dy wierzby, kt\u00f3re po wysuszeniu staj\u0105 si\u0119 niezwykle sztywne i trwa\u0142e. <strong>Rattan<\/strong> z kolei pochodzi z egzotycznych palm pn\u0105cych \u2013 jest bardziej elastyczny, co pozwala na tworzenie finezyjnych, ob\u0142ych kszta\u0142t\u00f3w. Coraz wi\u0119ksz\u0105 popularno\u015b\u0107 zdobywaj\u0105 tak\u017ce <strong>plecionki lniane i bawe\u0142niane<\/strong>, kt\u00f3re s\u0105 mi\u0119kkie w dotyku i wprowadzaj\u0105 do wn\u0119trza tekstyln\u0105 przytulno\u015b\u0107. Je\u015bli kochasz naturalne materia\u0142y, zobacz tak\u017ce nasze <strong><a href=\"https:\/\/www.ekconcept.pl\/lampy-wiszace-lniane-cat-178\">lampy lniane<\/a><\/strong>.<\/p>\n\n\n\n<p>Wszystkie te materia\u0142y \u0142\u0105czy &nbsp;wsp\u00f3lny mianownik: <strong>a\u017curowa konstrukcja<\/strong>. To w\u0142a\u015bnie ona sprawia, \u017ce lampa nie przyt\u0142acza przestrzeni, lecz nadaje jej lekko\u015bci, filtruj\u0105c \u015bwiat\u0142o w spos\u00f3b, kt\u00f3ry tworzy na \u015bcianach hipnotyzuj\u0105ce wzory.<\/p>\n\n\n<div class=\"wp-block-image\">\n<figure class=\"aligncenter\"><a href=\"https:\/\/www.ekconcept.pl\/rattanowa-lampa-kula-zuri-naturalna-61cm-id-1863\" rel=\"noopener\"><img loading=\"lazy\" decoding=\"async\" width=\"666\" height=\"1000\" src=\"https:\/\/www.ekconcept.pl\/blog\/wp-content\/uploads\/2018\/02\/Duza-lampa-rattanowa-styl-japandi.jpg\" alt=\"Du\u017ca lampa rattanowa w salonie w stylu japandi\" class=\"wp-image-5248\" title=\"\" srcset=\"https:\/\/www.ekconcept.pl\/blog\/wp-content\/uploads\/2018\/02\/Duza-lampa-rattanowa-styl-japandi.jpg 666w, https:\/\/www.ekconcept.pl\/blog\/wp-content\/uploads\/2018\/02\/Duza-lampa-rattanowa-styl-japandi-200x300.jpg 200w, https:\/\/www.ekconcept.pl\/blog\/wp-content\/uploads\/2018\/02\/Duza-lampa-rattanowa-styl-japandi-470x705.jpg 470w\" sizes=\"auto, (max-width: 666px) 100vw, 666px\" \/><\/a><figcaption class=\"wp-element-caption\">Lampa z rattanowej plecionki w nowoczesnym wydaniu &#8211; model Zuri idealnie pasuje do salonu japandi.<\/figcaption><\/figure>\n<\/div>\n\n\n<h2 class=\"wp-block-heading\" id=\"jak-lampy-wiklinowe-definiuja-styl-boho\">Jak lampy wiklinowe definiuj\u0105 styl boho?<\/h2>\n\n\n\n<p>Styl boho to pochwa\u0142a wolno\u015bci, natury i braku sztywnych regu\u0142. To tutaj naturalne materia\u0142y graj\u0105 pierwsze skrzypce. <strong><a href=\"https:\/\/www.ekconcept.pl\/lampy-wiszace-boho-cat-51\">Lampy boho<\/a><\/strong> wykonane z wikliny lub rattanu s\u0105 fundamentem tej estetyki \u2013 dodaj\u0105 wn\u0119trzu \u201eduszy\u201d i sprawiaj\u0105, \u017ce przestrze\u0144 staje si\u0119 mniej formalna. Lampy rattanowe wnosz\u0105 te\u017c do wn\u0119trz rodzaj dobrze kojarzonej, wakacyjnej atmosfery, przez co s\u0105 cz\u0119sto wybierane do wn\u0119trz publicznych, takich jak <strong>restauracje czy puby<\/strong>.<\/p>\n\n\n\n<h3 class=\"wp-block-heading\" id=\"lampa-stolowa-rattanowa-w-stylu-boho\">Lampa sto\u0142owa rattanowa w stylu boho<\/h3>\n\n\n\n<p>Je\u015bli chcesz stworzy\u0107 sp\u00f3jn\u0105 aran\u017cacj\u0119, postaw na warstwowo\u015b\u0107. Obok du\u017cego \u017cyrandola nad sto\u0142em, \u015bwietnie sprawdz\u0105 si\u0119 <strong><a href=\"https:\/\/www.google.com\/search?q=https:\/\/www.ekconcept.pl\/lampy-stolowe-boho-cat-85\">lampy sto\u0142owe boho<\/a><\/strong> z rattanowymi podstawami, kt\u00f3re wieczorem zbuduj\u0105 intymny nastr\u00f3j w k\u0105ciku do czytania. Je\u015bli natomiast poszukujesz jednego, <strong>naturalnego akcentu do minimalistycznego wn\u0119trza<\/strong> \u2013 lampa sto\u0142owa z rattanu b\u0119dzie strza\u0142em w dziesi\u0105tk\u0119. Wi\u0119cej pomys\u0142\u00f3w na takie zestawienia znajdziesz w naszym wpisie z <a href=\"https:\/\/www.google.com\/search?q=https:\/\/www.ekconcept.pl\/blog\/oswietlenie-w-stylu-boho-inspiracje\/\">inspiracjami na o\u015bwietlenie boho<\/a>.<\/p>\n\n\n<div class=\"wp-block-image\">\n<figure class=\"aligncenter\"><a href=\"https:\/\/www.ekconcept.pl\/bezowa-lampa-stolowa-boho-kula-rattanowa-julia-id-2540\" rel=\"noopener\"><img loading=\"lazy\" decoding=\"async\" width=\"504\" height=\"756\" src=\"https:\/\/www.ekconcept.pl\/blog\/wp-content\/uploads\/2026\/02\/Lampa-stolowa-rattanowa-boho.jpg\" alt=\"Lampa sto\u0142owa rattanowa boho w kszta\u0142cie kuli z lnianym aba\u017curem\" class=\"wp-image-5241\" title=\"\" srcset=\"https:\/\/www.ekconcept.pl\/blog\/wp-content\/uploads\/2026\/02\/Lampa-stolowa-rattanowa-boho.jpg 504w, https:\/\/www.ekconcept.pl\/blog\/wp-content\/uploads\/2026\/02\/Lampa-stolowa-rattanowa-boho-200x300.jpg 200w, https:\/\/www.ekconcept.pl\/blog\/wp-content\/uploads\/2026\/02\/Lampa-stolowa-rattanowa-boho-470x705.jpg 470w\" sizes=\"auto, (max-width: 504px) 100vw, 504px\" \/><\/a><figcaption class=\"wp-element-caption\">Rattanowa lampa sto\u0142owa w kszta\u0142cie kuli z lnianym aba\u017curem \u015bwietnie odnajdzie si\u0119 we wn\u0119trzach minimalistycznych i japandi. Tu model Julia marki Alde&amp;Lind.<\/figcaption><\/figure>\n<\/div>\n\n\n<h2 class=\"wp-block-heading\" id=\"plecione-modele-stozkowe-czyli-lampy-rattanowe-w-stylu-japandi\">Plecione modele sto\u017ckowe, czyli lampy rattanowe w stylu japandi<\/h2>\n\n\n\n<p>Cho\u0107 styl japandi kojarzy si\u0119 z surowo\u015bci\u0105 i minimalizmem, to w\u0142a\u015bnie naturalne akcenty sprawiaj\u0105, \u017ce staje si\u0119 on przyjazny dla domownik\u00f3w. <strong><a href=\"https:\/\/www.ekconcept.pl\/lampy-japandi-cat-174\">Lampy japandi<\/a><\/strong> cz\u0119sto przybieraj\u0105 form\u0119 prostych, <strong>sto\u017ckowych aba\u017cur\u00f3w z rattanu<\/strong>. Taki kszta\u0142t idealnie wpisuje si\u0119 w japo\u0144sk\u0105 dba\u0142o\u015b\u0107 o geometri\u0119 i skandynawsk\u0105 funkcjonalno\u015b\u0107.<\/p>\n\n\n\n<p><strong><a href=\"https:\/\/www.ekconcept.pl\/lampy-wiszace-stozki-cat-155\">Sto\u017ckowa lampa<\/a><\/strong> rattanowa nad minimalistycznym, drewnianym sto\u0142em to kwintesencja tego stylu \u2013 wprowadza ciep\u0142o, nie naruszaj\u0105c przy tym \u0142adu i spokoju panuj\u0105cego we wn\u0119trzu. Je\u015bli ten kierunek jest Ci bliski, sprawd\u017a nasze <a href=\"https:\/\/www.google.com\/search?q=https:\/\/www.ekconcept.pl\/blog\/oswietlenie-w-stylu-japandi-inspiracje\/\">inspiracje na o\u015bwietlenie Japandi<\/a>, gdzie pokazujemy, jak \u0142\u0105czy\u0107 surowe formy z naturalnym splotem.<\/p>\n\n\n<div class=\"wp-block-image\">\n<figure class=\"aligncenter\"><a href=\"https:\/\/www.ekconcept.pl\/rattanowa-lampa-wiszaca-olga-naturalna-51cm-id-1854\" rel=\"noopener\"><img loading=\"lazy\" decoding=\"async\" width=\"666\" height=\"1000\" src=\"https:\/\/www.ekconcept.pl\/blog\/wp-content\/uploads\/2026\/02\/Lampa-rattanowa-stozek-styl-japandi.jpg\" alt=\"Sto\u017ckowa asymetryczna lampa rattanowa japandi\" class=\"wp-image-5246\" title=\"\" srcset=\"https:\/\/www.ekconcept.pl\/blog\/wp-content\/uploads\/2026\/02\/Lampa-rattanowa-stozek-styl-japandi.jpg 666w, https:\/\/www.ekconcept.pl\/blog\/wp-content\/uploads\/2026\/02\/Lampa-rattanowa-stozek-styl-japandi-200x300.jpg 200w, https:\/\/www.ekconcept.pl\/blog\/wp-content\/uploads\/2026\/02\/Lampa-rattanowa-stozek-styl-japandi-470x705.jpg 470w\" sizes=\"auto, (max-width: 666px) 100vw, 666px\" \/><\/a><figcaption class=\"wp-element-caption\">Sto\u017ckowy kszta\u0142t i asymetryczny design w po\u0142\u0105czeniu z naturalnym rattanem &#8211; to wszystko cechy wsp\u00f3lne dla stylu japandi. Tu model Olga marki PR Home<\/figcaption><\/figure>\n<\/div>\n\n\n<h2 class=\"wp-block-heading\" id=\"czy-lampy-rattanowe-pasuja-do-nowoczesnych-wnetrz\">Czy lampy rattanowe pasuj\u0105 do nowoczesnych wn\u0119trz?<\/h2>\n\n\n\n<p>Odpowied\u017a na to pytanie brzmi: tak, pod warunkiem, \u017ce postawisz na odpowiedni\u0105 form\u0119. W minimalistycznych przestrzeniach, gdzie dominuje szk\u0142o i proste linie, o\u015bwietlenie z wikliny pe\u0142ni rol\u0119 \u201eocieplacza\u201d wizualnego.<\/p>\n\n\n\n<h3 class=\"wp-block-heading\" id=\"jak-oswietlenie-z-rattanu-przelamuje-surowy-minimalizm\">Jak o\u015bwietlenie z rattanu prze\u0142amuje surowy minimalizm<\/h3>\n\n\n\n<p>Cho\u0107 lampy wiklinowe najlepiej sprawdz\u0105 si\u0119 we wn\u0119trzach urz\u0105dzonych w stylu rustykalnym i vintage, to r\u00f3wnie dobrze mog\u0105 sta\u0107 si\u0119 <strong>elementem prze\u0142amuj\u0105cym inne style<\/strong>. Takie o\u015bwietlenie b\u0119dzie idealnie wsp\u00f3\u0142gra\u0142o zar\u00f3wno z drewnem, jak i metalami, takimi jak mosi\u0105dz czy oksydowane aluminium. Je\u015bli chcesz po\u0142\u0105czy\u0107 minimalizm z nutk\u0105 boho, sprawd\u017a tak\u017ce nasze propozycje <strong><a href=\"https:\/\/www.ekconcept.pl\/lampy-minimalistyczne-cat-179\">lamp w stylu soft minimalism<\/a><\/strong>.<\/p>\n\n\n<div class=\"wp-block-image\">\n<figure class=\"aligncenter\"><a href=\"https:\/\/www.ekconcept.pl\/bezowa-lampka-nocna-boho-pleciona-anna-id-2414\" rel=\"noopener\"><img loading=\"lazy\" decoding=\"async\" width=\"687\" height=\"1030\" src=\"https:\/\/www.ekconcept.pl\/blog\/wp-content\/uploads\/2026\/02\/Pleciona-lampka-stolowa-w-stylu-boho-687x1030.jpg\" alt=\"Lampka sto\u0142owa boho o nowoczesnym designie w minimalistycznym wn\u0119trzu\" class=\"wp-image-5243\" title=\"\" srcset=\"https:\/\/www.ekconcept.pl\/blog\/wp-content\/uploads\/2026\/02\/Pleciona-lampka-stolowa-w-stylu-boho-687x1030.jpg 687w, https:\/\/www.ekconcept.pl\/blog\/wp-content\/uploads\/2026\/02\/Pleciona-lampka-stolowa-w-stylu-boho-200x300.jpg 200w, https:\/\/www.ekconcept.pl\/blog\/wp-content\/uploads\/2026\/02\/Pleciona-lampka-stolowa-w-stylu-boho-768x1152.jpg 768w, https:\/\/www.ekconcept.pl\/blog\/wp-content\/uploads\/2026\/02\/Pleciona-lampka-stolowa-w-stylu-boho-1024x1536.jpg 1024w, https:\/\/www.ekconcept.pl\/blog\/wp-content\/uploads\/2026\/02\/Pleciona-lampka-stolowa-w-stylu-boho-1000x1500.jpg 1000w, https:\/\/www.ekconcept.pl\/blog\/wp-content\/uploads\/2026\/02\/Pleciona-lampka-stolowa-w-stylu-boho-470x705.jpg 470w, https:\/\/www.ekconcept.pl\/blog\/wp-content\/uploads\/2026\/02\/Pleciona-lampka-stolowa-w-stylu-boho.jpg 1200w\" sizes=\"auto, (max-width: 687px) 100vw, 687px\" \/><\/a><figcaption class=\"wp-element-caption\">Pleciona lampka sto\u0142owa to idealny dodatek, kt\u00f3ry ociepli minimalistyczne i nowoczesne wn\u0119trza.<\/figcaption><\/figure>\n<\/div>\n\n\n<h3 class=\"wp-block-heading\" id=\"rattanowe-lampy-nad-stol-w-nowoczesnych-wnetrzach\">Rattanowe lampy nad st\u00f3\u0142 w nowoczesnych wn\u0119trzach<\/h3>\n\n\n\n<p>Lampy wisz\u0105ce wykonane z wikliny sprawdz\u0105 si\u0119 \u015bwietnie zar\u00f3wno w salonie, jak i jako o\u015bwietlenie blatu lub sto\u0142u. W nowoczesnych jadalniach czy salonach o prostych liniach, <strong><a href=\"https:\/\/www.ekconcept.pl\/lampy-wiszace-nad-stol-cat-119\">designerska lampa nad st\u00f3\u0142<\/a> <\/strong>wykonana z wikliny dzia\u0142a jak punkt r\u00f3wnowagi. Je\u015bli Twoje wn\u0119trze jest oszcz\u0119dne w formie, postaw na modele o <strong>geometrycznych kszta\u0142tach lub te w g\u0142\u0119bokiej czerni<\/strong>. Taki dodatek nie odbiera pomieszczeniu nowoczesnego charakteru, a wr\u0119cz podkre\u015bla jego wyrafinowanie i nastrojowy klimat.<\/p>\n\n\n<div class=\"wp-block-image\">\n<figure class=\"aligncenter\"><a href=\"https:\/\/www.ekconcept.pl\/rattanowa-lampa-wiszaca-lace-id-2118\" rel=\"noopener\"><img loading=\"lazy\" decoding=\"async\" width=\"772\" height=\"1030\" src=\"https:\/\/www.ekconcept.pl\/blog\/wp-content\/uploads\/2026\/02\/Lampa-rattanowa-nad-stol-styl-minimalistyczny-772x1030.jpg\" alt=\"Rattanowa lampa nad st\u00f3\u0142 w minimalistycznej aran\u017cacji\" class=\"wp-image-5245\" title=\"\" srcset=\"https:\/\/www.ekconcept.pl\/blog\/wp-content\/uploads\/2026\/02\/Lampa-rattanowa-nad-stol-styl-minimalistyczny-772x1030.jpg 772w, https:\/\/www.ekconcept.pl\/blog\/wp-content\/uploads\/2026\/02\/Lampa-rattanowa-nad-stol-styl-minimalistyczny-225x300.jpg 225w, https:\/\/www.ekconcept.pl\/blog\/wp-content\/uploads\/2026\/02\/Lampa-rattanowa-nad-stol-styl-minimalistyczny-768x1024.jpg 768w, https:\/\/www.ekconcept.pl\/blog\/wp-content\/uploads\/2026\/02\/Lampa-rattanowa-nad-stol-styl-minimalistyczny-529x705.jpg 529w, https:\/\/www.ekconcept.pl\/blog\/wp-content\/uploads\/2026\/02\/Lampa-rattanowa-nad-stol-styl-minimalistyczny.jpg 1123w\" sizes=\"auto, (max-width: 772px) 100vw, 772px\" \/><\/a><figcaption class=\"wp-element-caption\">Lampa rattanowa nad st\u00f3\u0142 idealnie wpisuje si\u0119 w minimalistyczn\u0105 aran\u017cacj\u0119 tego wn\u0119trza.<\/figcaption><\/figure>\n<\/div>\n\n\n<h2 class=\"wp-block-heading\" id=\"gra-swiatla-i-cienia-nastroj-ktory-buduje-relacje\">Gra \u015bwiat\u0142a i cienia \u2013 nastr\u00f3j, kt\u00f3ry buduje relacje<\/h2>\n\n\n\n<p>O\u015bwietlenie to nie tylko lumeny i barwa \u015bwiat\u0142a. To przede wszystkim emocje. Charakterystyczny a\u017curowy splot sprawia, \u017ce <strong>lampy rattanowe i wiklinowe<\/strong> mi\u0119kko rozpraszaj\u0105 \u015bwiat\u0142o, tworz\u0105c w pomieszczeniu koj\u0105cy nastr\u00f3j.<\/p>\n\n\n\n<p>Wieczorem, gdy w\u0142\u0105czasz lamp\u0119 nad sof\u0105 czy wysp\u0105 kuchenn\u0105, przestrze\u0144 natychmiast staje si\u0119 bardziej nastrojowa. To idealne warunki do regeneracji i budowania blisko\u015bci z domownikami w miejscu, kt\u00f3re jest Twoj\u0105 wymarzon\u0105 przestrzeni\u0105.<\/p>\n\n\n<div class=\"wp-block-image\">\n<figure class=\"aligncenter\"><a href=\"https:\/\/www.ekconcept.pl\/rattanowa-lampa-kula-zuri-naturalna-61cm-id-1863\" rel=\"noopener\"><img loading=\"lazy\" decoding=\"async\" width=\"773\" height=\"1030\" src=\"https:\/\/www.ekconcept.pl\/blog\/wp-content\/uploads\/2026\/02\/Lampa-rattanowa-kula-w-sypialni-japandi-773x1030.jpeg\" alt=\"Rattanowa lampa do sypialni w stylu japandi\" class=\"wp-image-5244\" title=\"\" srcset=\"https:\/\/www.ekconcept.pl\/blog\/wp-content\/uploads\/2026\/02\/Lampa-rattanowa-kula-w-sypialni-japandi-773x1030.jpeg 773w, https:\/\/www.ekconcept.pl\/blog\/wp-content\/uploads\/2026\/02\/Lampa-rattanowa-kula-w-sypialni-japandi-225x300.jpeg 225w, https:\/\/www.ekconcept.pl\/blog\/wp-content\/uploads\/2026\/02\/Lampa-rattanowa-kula-w-sypialni-japandi-768x1024.jpeg 768w, https:\/\/www.ekconcept.pl\/blog\/wp-content\/uploads\/2026\/02\/Lampa-rattanowa-kula-w-sypialni-japandi-529x705.jpeg 529w, https:\/\/www.ekconcept.pl\/blog\/wp-content\/uploads\/2026\/02\/Lampa-rattanowa-kula-w-sypialni-japandi.jpeg 907w\" sizes=\"auto, (max-width: 773px) 100vw, 773px\" \/><\/a><figcaption class=\"wp-element-caption\">Kszta\u0142t kuli i design plecionego rattanu \u015bwietnie odnajduj\u0105 si\u0119 w sypialni w stylu japandi.<\/figcaption><\/figure>\n<\/div>\n\n\n<h2 class=\"wp-block-heading\" id=\"jak-dbac-o-oswietlenie-z-naturalnych-materialow\">Jak dba\u0107 o o\u015bwietlenie z naturalnych materia\u0142\u00f3w?<\/h2>\n\n\n\n<p>Aby Twoja lampa zachowa\u0142a sw\u00f3j blask na lata:<\/p>\n\n\n\n<ul class=\"wp-block-list\">\n<li>Unikaj nadmiernej wilgoci (chyba \u017ce model jest specjalnie zabezpieczony).<\/li>\n\n\n\n<li>Raz na jaki\u015b czas przetrzyj plecionk\u0119 lekko wilgotn\u0105 \u015bciereczk\u0105 lub u\u017cyj odkurzacza z mi\u0119kk\u0105 ko\u0144c\u00f3wk\u0105.<\/li>\n\n\n\n<li>Stosuj <strong>\u017car\u00f3wki o ciep\u0142ej barwie<\/strong>, kt\u00f3re najlepiej podkre\u015blaj\u0105 naturalny odcie\u0144 w\u0142\u00f3kien rattanu i wikliny.<\/li>\n<\/ul>\n\n\n<div class=\"wp-block-image\">\n<figure class=\"aligncenter\"><a href=\"https:\/\/www.ekconcept.pl\/mala-wiklinowa-lampa-wiszaca-sara-naturalna-id-1162\" rel=\"noopener\"><img loading=\"lazy\" decoding=\"async\" width=\"772\" height=\"1030\" src=\"https:\/\/www.ekconcept.pl\/blog\/wp-content\/uploads\/2026\/02\/Male-lampy-rattanowe-na-taras-772x1030.jpg\" alt=\"Ma\u0142e lampy rattanowe na taras ocieplaj\u0105 przestrze\u0144\" class=\"wp-image-5242\" title=\"\" srcset=\"https:\/\/www.ekconcept.pl\/blog\/wp-content\/uploads\/2026\/02\/Male-lampy-rattanowe-na-taras-772x1030.jpg 772w, https:\/\/www.ekconcept.pl\/blog\/wp-content\/uploads\/2026\/02\/Male-lampy-rattanowe-na-taras-225x300.jpg 225w, https:\/\/www.ekconcept.pl\/blog\/wp-content\/uploads\/2026\/02\/Male-lampy-rattanowe-na-taras-768x1024.jpg 768w, https:\/\/www.ekconcept.pl\/blog\/wp-content\/uploads\/2026\/02\/Male-lampy-rattanowe-na-taras-1152x1536.jpg 1152w, https:\/\/www.ekconcept.pl\/blog\/wp-content\/uploads\/2026\/02\/Male-lampy-rattanowe-na-taras-1125x1500.jpg 1125w, https:\/\/www.ekconcept.pl\/blog\/wp-content\/uploads\/2026\/02\/Male-lampy-rattanowe-na-taras-529x705.jpg 529w, https:\/\/www.ekconcept.pl\/blog\/wp-content\/uploads\/2026\/02\/Male-lampy-rattanowe-na-taras.jpg 1312w\" sizes=\"auto, (max-width: 772px) 100vw, 772px\" \/><\/a><figcaption class=\"wp-element-caption\">Ma\u0142e lampy rattanowe \u015bwietnie odnajd\u0105 si\u0119 na jasnym tarasie.<\/figcaption><\/figure>\n<\/div>\n\n\n<h2 class=\"wp-block-heading\" id=\"ponadczasowe-modele-z-naturalnych-materialow\">Ponadczasowe modele z naturalnych materia\u0142\u00f3w<\/h2>\n\n\n\n<p>Poni\u017cej przedstawiamy nasze bestsellerowe modele, z kt\u00f3rych wi\u0119kszo\u015b\u0107 nadal dost\u0119pna jest w naszej ofercie. To one od lat inspiruj\u0105 i nadal \u015bwietnie odnajduj\u0105 si\u0119 we wsp\u00f3\u0142czesnych wn\u0119trzach.<\/p>\n\n\n<div class=\"wp-block-image wp-image-3427 size-gallery\">\n<figure class=\"aligncenter\"><img loading=\"lazy\" decoding=\"async\" width=\"800\" height=\"684\" src=\"https:\/\/www.ekconcept.pl\/blog\/wp-content\/uploads\/2018\/02\/Designerska-lampa-wiklinowa-Vilda-WattVeke-800x684.jpg\" alt=\"Designerska lampa wiklinowa Vilda Watt&amp;Veke\" class=\"wp-image-3427\" title=\"\"><figcaption class=\"wp-element-caption\">Ekskluzywna lampa wiklinowa Vilda o oryginalnym kszta\u0142cie<\/figcaption><\/figure>\n<\/div>\n\n\n<p>&nbsp;<\/p>\n\n\n\n<figure class=\"wp-block-image alignnone\"><a href=\"\/lampy-wiszace-wiklinowe-cat-20\"><img loading=\"lazy\" decoding=\"async\" width=\"845\" height=\"684\" src=\"https:\/\/www.ekconcept.pl\/blog\/wp-content\/uploads\/2018\/02\/Abazury-wiklinowe-do-lamp-stolowych-Cebu-845x684.jpg\" alt=\"Abazury wiklinowe do lamp stolowych Cebu\" class=\"wp-image-3422\" title=\"\" srcset=\"https:\/\/www.ekconcept.pl\/blog\/wp-content\/uploads\/2018\/02\/Abazury-wiklinowe-do-lamp-stolowych-Cebu-845x684.jpg 845w, https:\/\/www.ekconcept.pl\/blog\/wp-content\/uploads\/2018\/02\/Abazury-wiklinowe-do-lamp-stolowych-Cebu-495x400.jpg 495w\" sizes=\"auto, (max-width: 845px) 100vw, 845px\" \/><\/a><figcaption class=\"wp-element-caption\">Oryginalne, wiklinowe aba\u017cury do lamp sto\u0142owych marki PR Home<\/figcaption><\/figure>\n\n\n\n<p>&nbsp;<\/p>\n\n\n<div class=\"wp-block-image\">\n<figure class=\"aligncenter\"><a href=\"https:\/\/www.ekconcept.pl\/duza-wiklinowa-lampa-wiszaca-maja-czarna-id-646\"><img loading=\"lazy\" decoding=\"async\" width=\"845\" height=\"684\" src=\"https:\/\/www.ekconcept.pl\/blog\/wp-content\/uploads\/2018\/02\/Maja-banner-duzy-845x684.jpg\" alt=\"Kolekcja wisz\u0105cych lamp wiklinowych Maja\" class=\"wp-image-3432\" title=\"\" srcset=\"https:\/\/www.ekconcept.pl\/blog\/wp-content\/uploads\/2018\/02\/Maja-banner-duzy-845x684.jpg 845w, https:\/\/www.ekconcept.pl\/blog\/wp-content\/uploads\/2018\/02\/Maja-banner-duzy-495x400.jpg 495w\" sizes=\"auto, (max-width: 845px) 100vw, 845px\" \/><\/a><figcaption class=\"wp-element-caption\">Du\u017ce, wiklinowe lampy wisz\u0105ce Maja dost\u0119pne s\u0105 w kilku wielko\u015bciach i dw\u00f3ch kolorach: naturalnym i czarnym<\/figcaption><\/figure>\n<\/div>\n\n\n<p>&nbsp;<\/p>\n\n\n\n<figure class=\"wp-block-image alignnone\"><a href=\"https:\/\/www.ekconcept.pl\/azurowa-wiklinowa-lampa-wiszaca-cebu-id-520\"><img loading=\"lazy\" decoding=\"async\" width=\"773\" height=\"1030\" src=\"https:\/\/www.ekconcept.pl\/blog\/wp-content\/uploads\/2018\/02\/Wiklinowa-lampa-wiszaca-Cebu-PR-Home-773x1030.jpg\" alt=\"Wiklinowa lampa wiszaca Cebu PR Home\" class=\"wp-image-3434\" title=\"\" srcset=\"https:\/\/www.ekconcept.pl\/blog\/wp-content\/uploads\/2018\/02\/Wiklinowa-lampa-wiszaca-Cebu-PR-Home-773x1030.jpg 773w, https:\/\/www.ekconcept.pl\/blog\/wp-content\/uploads\/2018\/02\/Wiklinowa-lampa-wiszaca-Cebu-PR-Home-225x300.jpg 225w, https:\/\/www.ekconcept.pl\/blog\/wp-content\/uploads\/2018\/02\/Wiklinowa-lampa-wiszaca-Cebu-PR-Home-768x1024.jpg 768w, https:\/\/www.ekconcept.pl\/blog\/wp-content\/uploads\/2018\/02\/Wiklinowa-lampa-wiszaca-Cebu-PR-Home-1125x1500.jpg 1125w, https:\/\/www.ekconcept.pl\/blog\/wp-content\/uploads\/2018\/02\/Wiklinowa-lampa-wiszaca-Cebu-PR-Home-529x705.jpg 529w, https:\/\/www.ekconcept.pl\/blog\/wp-content\/uploads\/2018\/02\/Wiklinowa-lampa-wiszaca-Cebu-PR-Home-450x600.jpg 450w\" sizes=\"auto, (max-width: 773px) 100vw, 773px\" \/><\/a><figcaption class=\"wp-element-caption\">Wiklinowa lampa wisz\u0105ca Cebu idealnie pasuje do wn\u0119trz w stylu rustykalnym.<\/figcaption><\/figure>\n\n\n\n<p>&nbsp;<\/p>\n\n\n\n<figure class=\"wp-block-image alignnone wp-image-3426 size-full\"><img loading=\"lazy\" decoding=\"async\" width=\"800\" height=\"800\" src=\"https:\/\/www.ekconcept.pl\/blog\/wp-content\/uploads\/2018\/02\/Czarna-lampa-wiklinowa-Vilda-WattVeke.jpg\" alt=\"Czarna lampa wiklinowa Vilda Watt&amp;Veke\" class=\"wp-image-3426\" title=\"\" srcset=\"https:\/\/www.ekconcept.pl\/blog\/wp-content\/uploads\/2018\/02\/Czarna-lampa-wiklinowa-Vilda-WattVeke.jpg 800w, https:\/\/www.ekconcept.pl\/blog\/wp-content\/uploads\/2018\/02\/Czarna-lampa-wiklinowa-Vilda-WattVeke-80x80.jpg 80w, https:\/\/www.ekconcept.pl\/blog\/wp-content\/uploads\/2018\/02\/Czarna-lampa-wiklinowa-Vilda-WattVeke-300x300.jpg 300w, https:\/\/www.ekconcept.pl\/blog\/wp-content\/uploads\/2018\/02\/Czarna-lampa-wiklinowa-Vilda-WattVeke-768x768.jpg 768w, https:\/\/www.ekconcept.pl\/blog\/wp-content\/uploads\/2018\/02\/Czarna-lampa-wiklinowa-Vilda-WattVeke-36x36.jpg 36w, https:\/\/www.ekconcept.pl\/blog\/wp-content\/uploads\/2018\/02\/Czarna-lampa-wiklinowa-Vilda-WattVeke-180x180.jpg 180w, https:\/\/www.ekconcept.pl\/blog\/wp-content\/uploads\/2018\/02\/Czarna-lampa-wiklinowa-Vilda-WattVeke-705x705.jpg 705w, https:\/\/www.ekconcept.pl\/blog\/wp-content\/uploads\/2018\/02\/Czarna-lampa-wiklinowa-Vilda-WattVeke-120x120.jpg 120w, https:\/\/www.ekconcept.pl\/blog\/wp-content\/uploads\/2018\/02\/Czarna-lampa-wiklinowa-Vilda-WattVeke-450x450.jpg 450w\" sizes=\"auto, (max-width: 800px) 100vw, 800px\" \/><figcaption class=\"wp-element-caption\">Czarna designerska lampa wisz\u0105ca wykonana z wikliny<\/figcaption><\/figure>\n\n\n\n<p>&nbsp;<\/p>\n\n\n\n<figure class=\"wp-block-image alignnone wp-image-3425 size-full\"><img loading=\"lazy\" decoding=\"async\" width=\"1000\" height=\"1000\" src=\"https:\/\/www.ekconcept.pl\/blog\/wp-content\/uploads\/2018\/02\/ava-banner.jpg\" alt=\"Wiklinowa lampa wisz\u0105ca Ava PR Home\" class=\"wp-image-3425\" title=\"\" srcset=\"https:\/\/www.ekconcept.pl\/blog\/wp-content\/uploads\/2018\/02\/ava-banner.jpg 1000w, https:\/\/www.ekconcept.pl\/blog\/wp-content\/uploads\/2018\/02\/ava-banner-80x80.jpg 80w, https:\/\/www.ekconcept.pl\/blog\/wp-content\/uploads\/2018\/02\/ava-banner-300x300.jpg 300w, https:\/\/www.ekconcept.pl\/blog\/wp-content\/uploads\/2018\/02\/ava-banner-768x768.jpg 768w, https:\/\/www.ekconcept.pl\/blog\/wp-content\/uploads\/2018\/02\/ava-banner-36x36.jpg 36w, https:\/\/www.ekconcept.pl\/blog\/wp-content\/uploads\/2018\/02\/ava-banner-180x180.jpg 180w, https:\/\/www.ekconcept.pl\/blog\/wp-content\/uploads\/2018\/02\/ava-banner-705x705.jpg 705w, https:\/\/www.ekconcept.pl\/blog\/wp-content\/uploads\/2018\/02\/ava-banner-120x120.jpg 120w, https:\/\/www.ekconcept.pl\/blog\/wp-content\/uploads\/2018\/02\/ava-banner-450x450.jpg 450w\" sizes=\"auto, (max-width: 1000px) 100vw, 1000px\" \/><figcaption class=\"wp-element-caption\">Wiklinowa lampa Ava \u015bwietnie pasuje do wn\u0119trz w stylu vintage<\/figcaption><\/figure>\n\n\n\n<h2 class=\"wp-block-heading\" id=\"zainspiruj-sie-i-postaw-na-design-lampy-rattanowe-najwyzszej-jakosci\">Zainspiruj si\u0119 i postaw na design \u2013 lampy rattanowe najwy\u017cszej jako\u015bci<\/h2>\n\n\n\n<p>W 2026 roku stawiamy na dom, kt\u00f3ry opowiada histori\u0119. <strong>Ekskluzywne lampy z wikliny i rattanu<\/strong> to inwestycja w jako\u015b\u0107, kt\u00f3ra nigdy nie wyjdzie z mody. Jeste\u015bmy pewni, \u017ce nasze wyselekcjonowane kolekcje pomog\u0105 Ci stworzy\u0107 przestrze\u0144, o kt\u00f3rej marzysz. Sprawd\u017a nasz\u0105 pe\u0142n\u0105 ofert\u0119 i wybierz o\u015bwietlenie, kt\u00f3re najlepiej oddaje Tw\u00f3j charakter.<\/p>\n","protected":false},"excerpt":{"rendered":"<p>Naturalne plecionki to co\u015b wi\u0119cej ni\u017c chwilowa moda. To powr\u00f3t do rzemios\u0142a i materia\u0142\u00f3w, kt\u00f3re starzej\u0105 si\u0119 z niezwyk\u0142\u0105 klas\u0105. Cho\u0107 trendy wn\u0119trzarskie ewoluuj\u0105, lampy wiklinowe niezmiennie utrzymuj\u0105 status projektowego \u201epewniaka\u201d, kt\u00f3ry potrafi ca\u0142kowicie odmieni\u0107 charakter Twojego domu. W 2026 roku stawiamy na autentyczno\u015b\u0107, szukaj\u0105c o\u015bwietlenia, kt\u00f3re niesie ze sob\u0105 histori\u0119 i unikalny charakter. Idziemy [&hellip;]<\/p>\n","protected":false},"author":3,"featured_media":3435,"comment_status":"closed","ping_status":"closed","sticky":false,"template":"","format":"standard","meta":{"footnotes":""},"categories":[15],"tags":[86,81],"class_list":["post-3439","post","type-post","status-publish","format-standard","has-post-thumbnail","hentry","category-inspiracje","tag-rodzaje-lamp","tag-trendy"],"_links":{"self":[{"href":"https:\/\/www.ekconcept.pl\/blog\/wp-json\/wp\/v2\/posts\/3439","targetHints":{"allow":["GET"]}}],"collection":[{"href":"https:\/\/www.ekconcept.pl\/blog\/wp-json\/wp\/v2\/posts"}],"about":[{"href":"https:\/\/www.ekconcept.pl\/blog\/wp-json\/wp\/v2\/types\/post"}],"author":[{"embeddable":true,"href":"https:\/\/www.ekconcept.pl\/blog\/wp-json\/wp\/v2\/users\/3"}],"replies":[{"embeddable":true,"href":"https:\/\/www.ekconcept.pl\/blog\/wp-json\/wp\/v2\/comments?post=3439"}],"version-history":[{"count":18,"href":"https:\/\/www.ekconcept.pl\/blog\/wp-json\/wp\/v2\/posts\/3439\/revisions"}],"predecessor-version":[{"id":5304,"href":"https:\/\/www.ekconcept.pl\/blog\/wp-json\/wp\/v2\/posts\/3439\/revisions\/5304"}],"wp:featuredmedia":[{"embeddable":true,"href":"https:\/\/www.ekconcept.pl\/blog\/wp-json\/wp\/v2\/media\/3435"}],"wp:attachment":[{"href":"https:\/\/www.ekconcept.pl\/blog\/wp-json\/wp\/v2\/media?parent=3439"}],"wp:term":[{"taxonomy":"category","embeddable":true,"href":"https:\/\/www.ekconcept.pl\/blog\/wp-json\/wp\/v2\/categories?post=3439"},{"taxonomy":"post_tag","embeddable":true,"href":"https:\/\/www.ekconcept.pl\/blog\/wp-json\/wp\/v2\/tags?post=3439"}],"curies":[{"name":"wp","href":"https:\/\/api.w.org\/{rel}","templated":true}]}}