{"id":5191,"date":"2026-02-24T12:22:07","date_gmt":"2026-02-24T11:22:07","guid":{"rendered":"https:\/\/www.ekconcept.pl\/blog\/?p=5191"},"modified":"2026-04-30T11:24:08","modified_gmt":"2026-04-30T09:24:08","slug":"oswietlenie-warstwowe-co-to-znaczy-i-jak-je-zastosowac","status":"publish","type":"post","link":"https:\/\/www.ekconcept.pl\/blog\/oswietlenie-warstwowe-co-to-znaczy-i-jak-je-zastosowac\/","title":{"rendered":"O\u015bwietlenie warstwowe \u2013 co to znaczy i jak je zastosowa\u0107?"},"content":{"rendered":"\n<p>Twoje wn\u0119trze to Tw\u00f3j azyl \u2013 miejsce, kt\u00f3re powinno koi\u0107 zmys\u0142y po intensywnym dniu i dopasowywa\u0107 si\u0119 do Twojego rytmu \u017cycia. Czy zdarzy\u0142o Ci si\u0119 kiedy\u015b, \u017ce mimo pi\u0119knych mebli i starannie dobranych dodatk\u00f3w, pok\u00f3j wydawa\u0142 si\u0119 &#8222;p\u0142aski&#8221; lub ma\u0142o przytulny? Cz\u0119sto winowajc\u0105 jest niew\u0142a\u015bciwie dobrane \u015bwiat\u0142o. W EK Concept wierzymy, \u017ce tajemnica wn\u0119trz jak z ok\u0142adek magazyn\u00f3w tkwi w czym\u015b, co profesjonali\u015bci nazywaj\u0105 <strong>o\u015bwietleniem warstwowym<\/strong>. To nie tylko technika, to sztuka kreowania nastroju, kt\u00f3ra sprawi, \u017ce Tw\u00f3j dom stanie si\u0119 wielowymiarowy i w pe\u0142ni funkcjonalny.<\/p>\n\n\n\n<!--more-->\n\n\n\n<div class=\"wp-block-rank-math-toc-block moj-spis-premium has-col-f-8-f-8-f-8-background-color has-text-color has-background has-link-color wp-elements-08c00dd57a81e6f308a1bc24e528f92a\" style=\"color:#333333;font-size:16px\" id=\"rank-math-toc\"><h2>Czego dowiesz si\u0119 z tego artyku\u0142u?<\/h2><nav><ul><li class=\"\"><a href=\"#dlaczego-warto-postawic-na-oswietlenie-warstwowe-w-swoim-domu\">Dlaczego warto postawi\u0107 na o\u015bwietlenie warstwowe w swoim domu?<\/a><\/li><li class=\"\"><a href=\"#kluczowe-warstwy-oswietlenia-fundamenty-idealnej-aranzacji\">Kluczowe warstwy o\u015bwietlenia &#8211; fundamenty idealnej aran\u017cacji<\/a><ul><li class=\"\"><a href=\"#warstwa-1-oswietlenie-ogolne-i-kojace-rozproszone-swiatlo\">Warstwa 1: O\u015bwietlenie og\u00f3lne i koj\u0105ce, rozproszone \u015bwiat\u0142o<\/a><\/li><li class=\"\"><a href=\"#warstwa-2-precyzyjne-oswietlenie-zadaniowe-do-zadan-specjalnych\">Warstwa 2: Precyzyjne o\u015bwietlenie zadaniowe do zada\u0144 specjalnych<\/a><\/li><li class=\"\"><a href=\"#warstwa-3-swiatlo-akcentujace-i-architektoniczne-detale\">Warstwa 3: \u015awiat\u0142o akcentuj\u0105ce i architektoniczne detale<\/a><\/li><li class=\"\"><a href=\"#warstwa-4-oswietlenie-dekoracyjne-czyli-bizuteria-dla-wnetrza\">Warstwa 4: O\u015bwietlenie dekoracyjne, czyli bi\u017cuteria dla wn\u0119trza<\/a><\/li><\/ul><\/li><li class=\"\"><a href=\"#praktyczne-wskazowki-jak-zaplanowac-warstwy-swiatla\">Praktyczne wskaz\u00f3wki: Jak zaplanowa\u0107 warstwy \u015bwiat\u0142a?<\/a><ul><li class=\"\"><a href=\"#dlaczego-warto-postawic-na-osobne-obwody\">Dlaczego warto postawi\u0107 na osobne obwody?<\/a><\/li><li class=\"\"><a href=\"#dobor-barwy-swiatla-klucz-do-harmonii\">Dob\u00f3r barwy \u015bwiat\u0142a \u2013 klucz do harmonii<\/a><\/li><\/ul><\/li><li class=\"\"><a href=\"#oswietlenie-warstwowe-w-praktyce-pomieszczenie-po-pomieszczeniu\">O\u015bwietlenie warstwowe w praktyce &#8211; pomieszczenie po pomieszczeniu<\/a><\/li><\/ul><\/nav><\/div>\n\n\n\n<h2 class=\"wp-block-heading\" id=\"dlaczego-warto-postawic-na-oswietlenie-warstwowe-w-swoim-domu\"><strong>Dlaczego warto postawi\u0107 na o\u015bwietlenie warstwowe w swoim domu?<\/strong><\/h2>\n\n\n\n<p>Wyobra\u017a sobie, \u017ce wchodzisz do salonu i masz do dyspozycji tylko jedn\u0105, mocn\u0105 opraw\u0119 na \u015brodku sufitu &#8211; nawet je\u015bli to b\u0119dzie wyj\u0105tkowa, <a target=\"_blank\" rel=\"noreferrer noopener\" href=\"https:\/\/www.ekconcept.pl\/lampy-wiszace-cat-1\">designerska lampa wisz\u0105ca<\/a> &#8211; to zdecydowanie za ma\u0142o. Taka jedna lampa zazwyczaj tworzy ostre cienie i sprawia, \u017ce przestrze\u0144 wydaje si\u0119 surowa. <strong>Warstwowe o\u015bwietlenie<\/strong> <strong>pozwala unikn\u0105\u0107<\/strong> <strong>du\u017cych kontrast\u00f3w<\/strong>, kt\u00f3re m\u0119cz\u0105 wzrok, i wprowadza do wn\u0119trza g\u0142\u0119bi\u0119 oraz dynamizm.<\/p>\n\n\n\n<p>Stosuj\u0105c r\u00f3\u017cne <strong>warstwy \u015bwiat\u0142a<\/strong>, zyskujesz niesamowit\u0105 elastyczno\u015b\u0107. Mo\u017cesz w jednej chwili zmieni\u0107 jasn\u0105 przestrze\u0144 do sprz\u0105tania w kameraln\u0105 stref\u0119 relaksu. Co wi\u0119cej, umiej\u0119tnie rozmieszczone punkty \u015bwietlne na r\u00f3\u017cnych wysoko\u015bciach potrafi\u0105 optycznie powi\u0119kszy\u0107 mniejsze przestrzenie, dodaj\u0105c im lekko\u015bci. To inwestycja w Tw\u00f3j komfort u\u017cytkowania oraz spos\u00f3b na podkre\u015blenie wszystkiego, co w Twojej aran\u017cacji najpi\u0119kniejsze.<\/p>\n\n\n<div class=\"wp-block-image\">\n<figure class=\"aligncenter size-large\"><a href=\"https:\/\/www.ekconcept.pl\/nowoczesna-lampa-nad-stol-zielona-5-kloszy-curve-id-2326\" target=\"_blank\" rel=\" noreferrer noopener\"><img loading=\"lazy\" decoding=\"async\" width=\"687\" height=\"1030\" src=\"https:\/\/www.ekconcept.pl\/blog\/wp-content\/uploads\/2026\/02\/Oswietlenie-warstwowe-w-jadalni-lampa-nad-stol-curve-687x1030.jpg\" alt=\"Lampa nad st\u00f3\u0142 - o\u015bwietlenie warstwowe w jadalni\" class=\"wp-image-5189\" title=\"\" srcset=\"https:\/\/www.ekconcept.pl\/blog\/wp-content\/uploads\/2026\/02\/Oswietlenie-warstwowe-w-jadalni-lampa-nad-stol-curve-687x1030.jpg 687w, https:\/\/www.ekconcept.pl\/blog\/wp-content\/uploads\/2026\/02\/Oswietlenie-warstwowe-w-jadalni-lampa-nad-stol-curve-200x300.jpg 200w, https:\/\/www.ekconcept.pl\/blog\/wp-content\/uploads\/2026\/02\/Oswietlenie-warstwowe-w-jadalni-lampa-nad-stol-curve-768x1152.jpg 768w, https:\/\/www.ekconcept.pl\/blog\/wp-content\/uploads\/2026\/02\/Oswietlenie-warstwowe-w-jadalni-lampa-nad-stol-curve-1024x1536.jpg 1024w, https:\/\/www.ekconcept.pl\/blog\/wp-content\/uploads\/2026\/02\/Oswietlenie-warstwowe-w-jadalni-lampa-nad-stol-curve-1000x1500.jpg 1000w, https:\/\/www.ekconcept.pl\/blog\/wp-content\/uploads\/2026\/02\/Oswietlenie-warstwowe-w-jadalni-lampa-nad-stol-curve-470x705.jpg 470w, https:\/\/www.ekconcept.pl\/blog\/wp-content\/uploads\/2026\/02\/Oswietlenie-warstwowe-w-jadalni-lampa-nad-stol-curve.jpg 1200w\" sizes=\"auto, (max-width: 687px) 100vw, 687px\" \/><\/a><figcaption class=\"wp-element-caption\">W jadalni poszczeg\u00f3lne warstwy \u015bwiat\u0142a to lampy nad sto\u0142em, lampy sto\u0142owe, kinkiety dekoracyjne oraz spoty led.<\/figcaption><\/figure>\n<\/div>\n\n\n<h2 class=\"wp-block-heading\" id=\"kluczowe-warstwy-oswietlenia-fundamenty-idealnej-aranzacji\"><strong>Kluczowe warstwy o\u015bwietlenia &#8211; fundamenty idealnej aran\u017cacji<\/strong><\/h2>\n\n\n\n<p>Aby stworzy\u0107 harmonijn\u0105 przestrze\u0144, musimy po\u0142\u0105czy\u0107 trzy g\u0142\u00f3wne rodzaje \u015bwiat\u0142a. Ka\u017cde z nich pe\u0142ni inn\u0105 rol\u0119, ale razem tworz\u0105 sp\u00f3jn\u0105 ca\u0142o\u015b\u0107, kt\u00f3ra dba o Twoje samopoczucie.<\/p>\n\n\n\n<h3 class=\"wp-block-heading\" id=\"warstwa-1-oswietlenie-ogolne-i-kojace-rozproszone-swiatlo\"><strong>Warstwa 1: O\u015bwietlenie og\u00f3lne i koj\u0105ce, rozproszone \u015bwiat\u0142o<\/strong><\/h3>\n\n\n\n<p>To absolutna baza, kt\u00f3ra zapewnia odpowiedni poziom widoczno\u015bci w ca\u0142ym pomieszczeniu. <strong>O\u015bwietlenie og\u00f3lne<\/strong>, cz\u0119sto nazywane ambientowym, ma za zadanie imitowa\u0107 \u015bwiat\u0142o dzienne. Najlepszy efekt daj\u0105 tu <strong>lampy sufitowe<\/strong>, <a target=\"_blank\" rel=\"noreferrer noopener\" href=\"https:\/\/www.ekconcept.pl\/plafony-cat-24\">eleganckie plafony<\/a> czy nowoczesne panele LED.<\/p>\n\n\n\n<p>Kluczem jest tutaj <strong>r\u00f3wnomierne rozproszenie \u015bwiat\u0142a<\/strong>, kt\u00f3re delikatnie otula ca\u0142e wn\u0119trze, eliminuj\u0105c ciemne k\u0105ty. Pami\u0119taj, \u017ce <strong>warstwa og\u00f3lna powinna by\u0107 mi\u0119kka<\/strong> \u2013 unikaj o\u015blepiaj\u0105cych \u017car\u00f3wek. To fundament, kt\u00f3ry pozwala na swobodne przemieszczanie si\u0119 i wykonywanie podstawowych czynno\u015bci, takich jak sprz\u0105tanie czy poranne przygotowania.<\/p>\n\n\n\n<p>Zastanawiasz si\u0119 jakie o\u015bwietlenie og\u00f3lne wybra\u0107? Zobacz nasz poradnik, w kt\u00f3rym doradzamy, czy w Twoim wn\u0119trzu sprawdzi si\u0119 lepiej <strong><em><a href=\"https:\/\/www.ekconcept.pl\/blog\/plafon-czy-lampa-wiszaca-co-wybrac-do-salonu-sypialni-kuchni-poradnik\/\" data-type=\"post\" data-id=\"5534\">minimalistyczny plafon czy efektowny \u017cyrandol<\/a><\/em><\/strong>.<\/p>\n\n\n<div class=\"wp-block-image\">\n<figure class=\"aligncenter size-large\"><a href=\"https:\/\/www.ekconcept.pl\/lniany-plafon-sufitowy-linne-naturalny-id-2149\" target=\"_blank\" rel=\" noreferrer noopener\"><img loading=\"lazy\" decoding=\"async\" width=\"772\" height=\"1030\" src=\"https:\/\/www.ekconcept.pl\/blog\/wp-content\/uploads\/2026\/02\/Plafon-lniany-oswietlenie-ogolne-772x1030.jpg\" alt=\"O\u015bwietlenie warstwowe - plafon lniany jako o\u015bwietlenie og\u00f3lne i g\u0142\u00f3wna warstwa \u015bwiat\u0142a\" class=\"wp-image-5181\" title=\"\" srcset=\"https:\/\/www.ekconcept.pl\/blog\/wp-content\/uploads\/2026\/02\/Plafon-lniany-oswietlenie-ogolne-772x1030.jpg 772w, https:\/\/www.ekconcept.pl\/blog\/wp-content\/uploads\/2026\/02\/Plafon-lniany-oswietlenie-ogolne-225x300.jpg 225w, https:\/\/www.ekconcept.pl\/blog\/wp-content\/uploads\/2026\/02\/Plafon-lniany-oswietlenie-ogolne-768x1024.jpg 768w, https:\/\/www.ekconcept.pl\/blog\/wp-content\/uploads\/2026\/02\/Plafon-lniany-oswietlenie-ogolne-1152x1536.jpg 1152w, https:\/\/www.ekconcept.pl\/blog\/wp-content\/uploads\/2026\/02\/Plafon-lniany-oswietlenie-ogolne-1125x1500.jpg 1125w, https:\/\/www.ekconcept.pl\/blog\/wp-content\/uploads\/2026\/02\/Plafon-lniany-oswietlenie-ogolne-529x705.jpg 529w, https:\/\/www.ekconcept.pl\/blog\/wp-content\/uploads\/2026\/02\/Plafon-lniany-oswietlenie-ogolne.jpg 1312w\" sizes=\"auto, (max-width: 772px) 100vw, 772px\" \/><\/a><figcaption class=\"wp-element-caption\">Plafon lniany &#8211; stylowe o\u015bwietlenie og\u00f3lne, kt\u00f3re idealnie sprawdzi si\u0119 w sypialni lub salonie.<\/figcaption><\/figure>\n<\/div>\n\n<div class=\"wp-block-image\">\n<figure class=\"aligncenter size-large\"><a href=\"https:\/\/www.ekconcept.pl\/lampa-lniana-wiszaca-biala-kula-boll-id-2498\" target=\"_blank\" rel=\" noreferrer noopener\"><img loading=\"lazy\" decoding=\"async\" width=\"687\" height=\"1030\" src=\"https:\/\/www.ekconcept.pl\/blog\/wp-content\/uploads\/2026\/02\/Lampa-wiszaca-oswietlenie-ogolne-czy-dekoracyjne-687x1030.jpg\" alt=\"Lniana lampa wisz\u0105ca - o\u015bwietlenie dekoracyjne i og\u00f3lne w salonie\" class=\"wp-image-5185\" title=\"\" srcset=\"https:\/\/www.ekconcept.pl\/blog\/wp-content\/uploads\/2026\/02\/Lampa-wiszaca-oswietlenie-ogolne-czy-dekoracyjne-687x1030.jpg 687w, https:\/\/www.ekconcept.pl\/blog\/wp-content\/uploads\/2026\/02\/Lampa-wiszaca-oswietlenie-ogolne-czy-dekoracyjne-200x300.jpg 200w, https:\/\/www.ekconcept.pl\/blog\/wp-content\/uploads\/2026\/02\/Lampa-wiszaca-oswietlenie-ogolne-czy-dekoracyjne-768x1152.jpg 768w, https:\/\/www.ekconcept.pl\/blog\/wp-content\/uploads\/2026\/02\/Lampa-wiszaca-oswietlenie-ogolne-czy-dekoracyjne-1024x1536.jpg 1024w, https:\/\/www.ekconcept.pl\/blog\/wp-content\/uploads\/2026\/02\/Lampa-wiszaca-oswietlenie-ogolne-czy-dekoracyjne-1000x1500.jpg 1000w, https:\/\/www.ekconcept.pl\/blog\/wp-content\/uploads\/2026\/02\/Lampa-wiszaca-oswietlenie-ogolne-czy-dekoracyjne-470x705.jpg 470w, https:\/\/www.ekconcept.pl\/blog\/wp-content\/uploads\/2026\/02\/Lampa-wiszaca-oswietlenie-ogolne-czy-dekoracyjne.jpg 1050w\" sizes=\"auto, (max-width: 687px) 100vw, 687px\" \/><\/a><figcaption class=\"wp-element-caption\">Lniana lampa wisz\u0105ca &#8211; o\u015bwietlenie dekoracyjne czy og\u00f3lne? Przy dobrze dobranej \u017car\u00f3wce mo\u017cemy uzyska\u0107 dwie warstwy w jednej!<\/figcaption><\/figure>\n<\/div>\n\n\n<h3 class=\"wp-block-heading\" id=\"warstwa-2-precyzyjne-oswietlenie-zadaniowe-do-zadan-specjalnych\"><strong>Warstwa 2: Precyzyjne o\u015bwietlenie zadaniowe do zada\u0144 specjalnych<\/strong><\/h3>\n\n\n\n<p>Kiedy potrzebujesz skupienia, do gry wchodzi <strong>o\u015bwietlenie zadaniowe<\/strong>. To \u015bwiat\u0142o do &#8222;zada\u0144 specjalnych&#8221;, kt\u00f3re koncentruje si\u0119 na konkretnych strefach, gdzie wymagana jest dobra widoczno\u015b\u0107.<\/p>\n\n\n\n<ul class=\"wp-block-list\">\n<li><strong>W kuchni:<\/strong> To przede wszystkim lampy nad blatem kuchennym, kt\u00f3re zapewniaj\u0105 bezpiecze\u0144stwo podczas gotowania. Je\u015bli poszukujesz zadaniowego o\u015bwietlenia do kuchni &#8211; polecamy nasze <a href=\"https:\/\/www.ekconcept.pl\/lampy-nad-wyspe-cat-184\" target=\"_blank\" rel=\"noreferrer noopener\">lampy nad wysp\u0119 kuchenn\u0105<\/a>!<\/li>\n\n\n\n<li><strong>W salonie:<\/strong> Stylowa lampa pod\u0142ogowa przy Twoim ulubionym fotelu, idealna przy czytaniu ksi\u0105\u017cki.<\/li>\n\n\n\n<li><strong>W biurze:<\/strong> Lampa biurkowa, kt\u00f3ra wspiera wzrok podczas pracy.<\/li>\n<\/ul>\n\n\n<div class=\"wp-block-image\">\n<figure class=\"aligncenter size-large\"><a href=\"https:\/\/www.ekconcept.pl\/minimalistyczny-kinkiet-japandi-kuro-czarny-id-2616\" target=\"_blank\" rel=\" noreferrer noopener\"><img loading=\"lazy\" decoding=\"async\" width=\"687\" height=\"1030\" src=\"https:\/\/www.ekconcept.pl\/blog\/wp-content\/uploads\/2026\/02\/Minimalistyczny-kinkiet-oswietlenie-zadaniowe-687x1030.jpg\" alt=\"Minimalistyczny kinkiet - przyk\u0142ad o\u015bwietlenia zadaniowego\" class=\"wp-image-5187\" title=\"\" srcset=\"https:\/\/www.ekconcept.pl\/blog\/wp-content\/uploads\/2026\/02\/Minimalistyczny-kinkiet-oswietlenie-zadaniowe-687x1030.jpg 687w, https:\/\/www.ekconcept.pl\/blog\/wp-content\/uploads\/2026\/02\/Minimalistyczny-kinkiet-oswietlenie-zadaniowe-200x300.jpg 200w, https:\/\/www.ekconcept.pl\/blog\/wp-content\/uploads\/2026\/02\/Minimalistyczny-kinkiet-oswietlenie-zadaniowe-768x1152.jpg 768w, https:\/\/www.ekconcept.pl\/blog\/wp-content\/uploads\/2026\/02\/Minimalistyczny-kinkiet-oswietlenie-zadaniowe-1024x1536.jpg 1024w, https:\/\/www.ekconcept.pl\/blog\/wp-content\/uploads\/2026\/02\/Minimalistyczny-kinkiet-oswietlenie-zadaniowe-1000x1500.jpg 1000w, https:\/\/www.ekconcept.pl\/blog\/wp-content\/uploads\/2026\/02\/Minimalistyczny-kinkiet-oswietlenie-zadaniowe-470x705.jpg 470w, https:\/\/www.ekconcept.pl\/blog\/wp-content\/uploads\/2026\/02\/Minimalistyczny-kinkiet-oswietlenie-zadaniowe.jpg 1050w\" sizes=\"auto, (max-width: 687px) 100vw, 687px\" \/><\/a><figcaption class=\"wp-element-caption\">Minimalistyczny kinkiet regulowany Kuro &#8211; idealny do pracy lub czytania &#8211; przyk\u0142ad o\u015bwietlenia zadaniowego.<\/figcaption><\/figure>\n<\/div>\n\n<div class=\"wp-block-image\">\n<figure class=\"aligncenter size-large\"><a href=\"https:\/\/www.ekconcept.pl\/regulowana-lampa-stojaca-do-czytania-japandi-kuro-id-2618\" target=\"_blank\" rel=\" noreferrer noopener\"><img loading=\"lazy\" decoding=\"async\" width=\"773\" height=\"1030\" src=\"https:\/\/www.ekconcept.pl\/blog\/wp-content\/uploads\/2026\/02\/Lampa-stojaca-do-czytania-oswietlenie-zadaniowe-773x1030.jpg\" alt=\"Regulowana lampa stoj\u0105ca do czytania - o\u015bwietlenie zadaniowe w salonie\" class=\"wp-image-5183\" title=\"\" srcset=\"https:\/\/www.ekconcept.pl\/blog\/wp-content\/uploads\/2026\/02\/Lampa-stojaca-do-czytania-oswietlenie-zadaniowe-773x1030.jpg 773w, https:\/\/www.ekconcept.pl\/blog\/wp-content\/uploads\/2026\/02\/Lampa-stojaca-do-czytania-oswietlenie-zadaniowe-225x300.jpg 225w, https:\/\/www.ekconcept.pl\/blog\/wp-content\/uploads\/2026\/02\/Lampa-stojaca-do-czytania-oswietlenie-zadaniowe-768x1024.jpg 768w, https:\/\/www.ekconcept.pl\/blog\/wp-content\/uploads\/2026\/02\/Lampa-stojaca-do-czytania-oswietlenie-zadaniowe-529x705.jpg 529w, https:\/\/www.ekconcept.pl\/blog\/wp-content\/uploads\/2026\/02\/Lampa-stojaca-do-czytania-oswietlenie-zadaniowe.jpg 1050w\" sizes=\"auto, (max-width: 773px) 100vw, 773px\" \/><\/a><figcaption class=\"wp-element-caption\">Regulowana lampa stoj\u0105ca do czytania &#8211; przyk\u0142ad stylowe o\u015bwietlenia zadaniowego w salonie.<\/figcaption><\/figure>\n<\/div>\n\n\n<p><strong>\u015awiat\u0142o zadaniowe<\/strong> powinno by\u0107 ja\u015bniejsze ni\u017c og\u00f3lne, ale skierowane tak, by nie odbija\u0142o si\u0119 od powierzchni monitor\u00f3w czy blat\u00f3w. To ono dba o Twoj\u0105 produktywno\u015b\u0107 i zdrowie oczu.<\/p>\n\n\n\n<h3 class=\"wp-block-heading\" id=\"warstwa-3-swiatlo-akcentujace-i-architektoniczne-detale\"><strong>Warstwa 3: \u015awiat\u0142o akcentuj\u0105ce i architektoniczne detale<\/strong><\/h3>\n\n\n\n<p>To tutaj zaczyna si\u0119 prawdziwa magia stylu. <strong>\u015awiat\u0142o akcentuj\u0105ce<\/strong> (accent lighting) s\u0142u\u017cy do wydobywania z cienia tego, co wyj\u0105tkowe. Chcesz pochwali\u0107 si\u0119 nowym obrazem, pami\u0105tkami z podr\u00f3\u017cy czy ciekaw\u0105 faktur\u0105 ceg\u0142y na \u015bcianie? Warstwa akcentuj\u0105ca jest w\u0142a\u015bnie od tego.<\/p>\n\n\n\n<p>U\u017cywaj\u0105c regulowanych reflektor\u00f3w, dyskretnych opraw wpuszczanych czy <a target=\"_blank\" rel=\"noreferrer noopener\" href=\"https:\/\/www.ekconcept.pl\/kinkiety-cat-10\">stylowych kinkiet\u00f3w<\/a>, mo\u017cesz skierowa\u0107 wzrok go\u015bci na wybrane <strong>architektoniczne detale<\/strong>. To narz\u0119dzie, kt\u00f3re buduje hierarchi\u0119 we wn\u0119trzu i sprawia, \u017ce aran\u017cacja nabiera luksusowego charakteru.<\/p>\n\n\n<div class=\"wp-block-image\">\n<figure class=\"aligncenter size-large\"><a href=\"https:\/\/www.ekconcept.pl\/designerski-drewniany-kinkiet-ozdobny-rokke-ummo-id-2168\" target=\"_blank\" rel=\" noreferrer noopener\"><img loading=\"lazy\" decoding=\"async\" width=\"686\" height=\"1030\" src=\"https:\/\/www.ekconcept.pl\/blog\/wp-content\/uploads\/2026\/02\/drewniane-kinkiety-designerskie-oswietlenie-akcentujace-686x1030.jpg\" alt=\"Ozdobne kinkiety drewniane - o\u015bwietlenie akcentuj\u0105ce\" class=\"wp-image-5182\" title=\"\" srcset=\"https:\/\/www.ekconcept.pl\/blog\/wp-content\/uploads\/2026\/02\/drewniane-kinkiety-designerskie-oswietlenie-akcentujace-686x1030.jpg 686w, https:\/\/www.ekconcept.pl\/blog\/wp-content\/uploads\/2026\/02\/drewniane-kinkiety-designerskie-oswietlenie-akcentujace-200x300.jpg 200w, https:\/\/www.ekconcept.pl\/blog\/wp-content\/uploads\/2026\/02\/drewniane-kinkiety-designerskie-oswietlenie-akcentujace-768x1153.jpg 768w, https:\/\/www.ekconcept.pl\/blog\/wp-content\/uploads\/2026\/02\/drewniane-kinkiety-designerskie-oswietlenie-akcentujace-1024x1536.jpg 1024w, https:\/\/www.ekconcept.pl\/blog\/wp-content\/uploads\/2026\/02\/drewniane-kinkiety-designerskie-oswietlenie-akcentujace-1365x2048.jpg 1365w, https:\/\/www.ekconcept.pl\/blog\/wp-content\/uploads\/2026\/02\/drewniane-kinkiety-designerskie-oswietlenie-akcentujace-1000x1500.jpg 1000w, https:\/\/www.ekconcept.pl\/blog\/wp-content\/uploads\/2026\/02\/drewniane-kinkiety-designerskie-oswietlenie-akcentujace-470x705.jpg 470w, https:\/\/www.ekconcept.pl\/blog\/wp-content\/uploads\/2026\/02\/drewniane-kinkiety-designerskie-oswietlenie-akcentujace.jpg 1468w\" sizes=\"auto, (max-width: 686px) 100vw, 686px\" \/><\/a><figcaption class=\"wp-element-caption\">Drewniane kinkiety dekoracyjne Rokke mog\u0105 stanowi\u0107 designerskie o\u015bwietlenie akcentuj\u0105ce w salonie lub na przedpokoju.<\/figcaption><\/figure>\n<\/div>\n\n\n<h3 class=\"wp-block-heading\" id=\"warstwa-4-oswietlenie-dekoracyjne-czyli-bizuteria-dla-wnetrza\"><strong>Warstwa 4: O\u015bwietlenie dekoracyjne, czyli bi\u017cuteria dla wn\u0119trza<\/strong><\/h3>\n\n\n\n<p>Ostatnia warstwa to kropka nad &#8222;i&#8221;. <strong>O\u015bwietlenie dekoracyjne<\/strong> to lampy, kt\u00f3re same w sobie s\u0105 dzie\u0142ami sztuki. To tutaj kr\u00f3luj\u0105 nasze ukochane lampy wisz\u0105ce z naturalnego rattanu, lnu czy papieru ry\u017cowego w stylu japandi lub modern organic. Ich g\u0142\u00f3wnym celem jest budowanie <strong>przytulnej atmosfery<\/strong> i podkre\u015blanie stylu domu. Do tej kategorii zaliczamy te\u017c nastrojowe ta\u015bmy LED ukryte w niszach oraz designerskie \u017cyrandole. Sprawd\u017a koniecznie <a target=\"_blank\" rel=\"noreferrer noopener\" href=\"https:\/\/www.ekconcept.pl\/lampy-japandi-cat-174\">lampy w stylu japandi<\/a> z naszej oferty, kt\u00f3re b\u0119d\u0105 idealnym o\u015bwietleniem dekoracyjnym!<\/p>\n\n\n\n<p>Do o\u015bwietlenia dekoracyjnego zaliczamy r\u00f3wnie\u017c designerskie lampy sto\u0142owe, kt\u00f3re stanowi\u0105 unikaln\u0105 bi\u017cuteri\u0119 wn\u0119trza, przyjmuj\u0105c najr\u00f3\u017cniejsze, rze\u017abiarskie formy. Je\u015bli to jest w\u0142a\u015bnie to, czego szukasz, zobacz nasz <strong><a href=\"https:\/\/www.ekconcept.pl\/blog\/jak-dobrac-lampe-stolowa\/\" data-type=\"post\" data-id=\"3666\">poradnik doboru lampy sto\u0142owej do wn\u0119trza<\/a><\/strong>!<\/p>\n\n\n<div class=\"wp-block-image\">\n<figure class=\"aligncenter size-large\"><a href=\"https:\/\/www.ekconcept.pl\/kamienna-lampka-stolowa-kula-trawertyn-bez-pella-id-2490\" target=\"_blank\" rel=\" noreferrer noopener\"><img loading=\"lazy\" decoding=\"async\" width=\"687\" height=\"1030\" src=\"https:\/\/www.ekconcept.pl\/blog\/wp-content\/uploads\/2026\/02\/Lampa-stolowa-trawertyn-oswietlenie-warstwowe-687x1030.jpg\" alt=\"Dekoracyjna lampa sto\u0142owa trawertyn - o\u015bwietlenie warstwowe w kuchni\" class=\"wp-image-5184\" title=\"\" srcset=\"https:\/\/www.ekconcept.pl\/blog\/wp-content\/uploads\/2026\/02\/Lampa-stolowa-trawertyn-oswietlenie-warstwowe-687x1030.jpg 687w, https:\/\/www.ekconcept.pl\/blog\/wp-content\/uploads\/2026\/02\/Lampa-stolowa-trawertyn-oswietlenie-warstwowe-200x300.jpg 200w, https:\/\/www.ekconcept.pl\/blog\/wp-content\/uploads\/2026\/02\/Lampa-stolowa-trawertyn-oswietlenie-warstwowe-768x1152.jpg 768w, https:\/\/www.ekconcept.pl\/blog\/wp-content\/uploads\/2026\/02\/Lampa-stolowa-trawertyn-oswietlenie-warstwowe-1024x1536.jpg 1024w, https:\/\/www.ekconcept.pl\/blog\/wp-content\/uploads\/2026\/02\/Lampa-stolowa-trawertyn-oswietlenie-warstwowe-1365x2048.jpg 1365w, https:\/\/www.ekconcept.pl\/blog\/wp-content\/uploads\/2026\/02\/Lampa-stolowa-trawertyn-oswietlenie-warstwowe-1000x1500.jpg 1000w, https:\/\/www.ekconcept.pl\/blog\/wp-content\/uploads\/2026\/02\/Lampa-stolowa-trawertyn-oswietlenie-warstwowe-470x705.jpg 470w, https:\/\/www.ekconcept.pl\/blog\/wp-content\/uploads\/2026\/02\/Lampa-stolowa-trawertyn-oswietlenie-warstwowe-scaled.jpg 1707w\" sizes=\"auto, (max-width: 687px) 100vw, 687px\" \/><\/a><figcaption class=\"wp-element-caption\">Dekoracyjna lampa sto\u0142owa z trawertynu &#8211; wyj\u0105tkowe o\u015bwietlenie dekoracyjne do salonu, kuchni lub sypialni.<\/figcaption><\/figure>\n<\/div>\n\n\n<h2 class=\"wp-block-heading\" id=\"praktyczne-wskazowki-jak-zaplanowac-warstwy-swiatla\"><strong>Praktyczne wskaz\u00f3wki: Jak zaplanowa\u0107 warstwy \u015bwiat\u0142a?<\/strong><\/h2>\n\n\n\n<p>Zastosowanie o\u015bwietlenia warstwowego wymaga przemy\u015blanego podej\u015bcia do technologii. W EK Concept zawsze doradzamy naszym klientom, by zwr\u00f3cili uwag\u0119 na dwa aspekty: <strong>osobne obwody<\/strong> oraz parametry <strong>\u017car\u00f3wki<\/strong>. O\u015bwietlenie warstwowe jest te\u017c kluczowym zagadnieniem podczas <strong><em><a href=\"https:\/\/www.ekconcept.pl\/blog\/jak-zaplanowac-oswietlenie-w-domu\/\" target=\"_blank\" data-type=\"post\" data-id=\"5541\" rel=\"noreferrer noopener\">kompleksowego projektowania o\u015bwietlenia w domu<\/a><\/em><\/strong> (o tym przeczytasz wi\u0119cej w naszym osobnym wpisie).<\/p>\n\n\n\n<h3 class=\"wp-block-heading\" id=\"dlaczego-warto-postawic-na-osobne-obwody\"><strong>Dlaczego warto postawi\u0107 na osobne obwody?<\/strong><\/h3>\n\n\n\n<p>To jeden z najwa\u017cniejszych technicznych aspekt\u00f3w o\u015bwietlania domu. Ka\u017cda warstwa powinna \u015bwieci\u0107 si\u0119 niezale\u017cnie. Dlaczego?<\/p>\n\n\n\n<ol class=\"wp-block-list\">\n<li><strong>Funkcjonalno\u015b\u0107:<\/strong> W\u0142\u0105czasz tylko to, czego w danej chwili potrzebujesz.<\/li>\n\n\n\n<li><strong>Oszcz\u0119dno\u015b\u0107 energii:<\/strong> Nie musisz o\u015bwietla\u0107 ca\u0142ego salonu, gdy tylko czytasz w fotelu.<\/li>\n\n\n\n<li><strong>Budowanie nastroju:<\/strong> Mo\u017cesz zgasi\u0107 \u015bwiat\u0142o og\u00f3lne i zostawi\u0107 tylko akcenty, tworz\u0105c kameraln\u0105 atmosfer\u0119.<\/li>\n\n\n\n<li><strong>D\u0142u\u017csza \u017cywotno\u015b\u0107:<\/strong> Rzadsze u\u017cywanie wszystkich \u017ar\u00f3de\u0142 naraz wyd\u0142u\u017ca \u017cycie Twoich lamp.<\/li>\n<\/ol>\n\n\n\n<p>Dodatkowo, warto zainwestowa\u0107 w inteligentne systemy i <strong>\u015bciemniacze<\/strong>. Pozwalaj\u0105 one na p\u0142ynn\u0105 regulacj\u0119 jasno\u015bci, dopasowuj\u0105c j\u0105 do pory dnia \u2013 od energetycznego poranka po wieczorne wyciszenie.<\/p>\n\n\n<div class=\"wp-block-image\">\n<figure class=\"aligncenter size-large\"><a href=\"https:\/\/www.ekconcept.pl\/nowoczesna-bezowa-lampa-wiszaca-stozek-curve-50cm-id-2333\" target=\"_blank\" rel=\" noreferrer noopener\"><img loading=\"lazy\" decoding=\"async\" width=\"1030\" height=\"687\" src=\"https:\/\/www.ekconcept.pl\/blog\/wp-content\/uploads\/2026\/02\/Oswietlenie-warstwowe-w-salonie-klucz-do-atmosfery-1030x687.jpg\" alt=\"O\u015bwietlenie warstwowe w salonie - lampy marki Globen Lighting\" class=\"wp-image-5180\" title=\"\" srcset=\"https:\/\/www.ekconcept.pl\/blog\/wp-content\/uploads\/2026\/02\/Oswietlenie-warstwowe-w-salonie-klucz-do-atmosfery-1030x687.jpg 1030w, https:\/\/www.ekconcept.pl\/blog\/wp-content\/uploads\/2026\/02\/Oswietlenie-warstwowe-w-salonie-klucz-do-atmosfery-300x200.jpg 300w, https:\/\/www.ekconcept.pl\/blog\/wp-content\/uploads\/2026\/02\/Oswietlenie-warstwowe-w-salonie-klucz-do-atmosfery-768x512.jpg 768w, https:\/\/www.ekconcept.pl\/blog\/wp-content\/uploads\/2026\/02\/Oswietlenie-warstwowe-w-salonie-klucz-do-atmosfery-705x470.jpg 705w, https:\/\/www.ekconcept.pl\/blog\/wp-content\/uploads\/2026\/02\/Oswietlenie-warstwowe-w-salonie-klucz-do-atmosfery.jpg 1260w\" sizes=\"auto, (max-width: 1030px) 100vw, 1030px\" \/><\/a><figcaption class=\"wp-element-caption\">O\u015bwietlenie warstwowe jest kluczowe dla uzyskania odpowiedniego klimatu w salonie.<\/figcaption><\/figure>\n<\/div>\n\n\n<h3 class=\"wp-block-heading\" id=\"dobor-barwy-swiatla-klucz-do-harmonii\"><strong>Dob\u00f3r barwy \u015bwiat\u0142a \u2013 klucz do harmonii<\/strong><\/h3>\n\n\n\n<p>Pami\u0119taj o odpowiednim dobraniu temperatury barwowej do wn\u0119trza. Do sypialni i salonu polecamy ciep\u0142e \u015bwiat\u0142o (2700-3000K), kt\u00f3re jest niezwykle relaksuj\u0105ce i sprzyja wypoczynkowi. Z kolei w miejscach pracy, jak kuchnia czy biuro, lepiej sprawdzi si\u0119 \u015bwiat\u0142o neutralne, kt\u00f3re wspomaga koncentracj\u0119. Koniecznie sprawd\u017a nasz <a href=\"https:\/\/www.ekconcept.pl\/blog\/jak-dobrac-temperature-barwowa-do-wnetrza-praktyczny-przewodnik\/\" target=\"_blank\" rel=\"noreferrer noopener\"><strong>kompletny poradnik doboru temperatury barwowej do wn\u0119trza<\/strong><\/a>! Je\u015bli jako\u015b\u0107 \u015bwiat\u0142a jest dla Ciebie priorytetem, zapoznaj si\u0119 tak\u017ce z naszym <strong><a href=\"https:\/\/www.ekconcept.pl\/blog\/wspolczynnik-oddawania-barw-cri-ra-co-to-jest-i-dlaczego-ma-znaczenie\/\" data-type=\"post\" data-id=\"5344\">artyku\u0142em o wsp\u00f3\u0142czynniku oddawania \u015bwiat\u0142a CRI<\/a><\/strong>.<\/p>\n\n\n<div class=\"wp-block-image\">\n<figure class=\"aligncenter size-large\"><a href=\"https:\/\/www.ekconcept.pl\/lampa-podlogowa-lniana-drewno-debowe-prisma-69cm-id-2505\" target=\"_blank\" rel=\" noreferrer noopener\"><img loading=\"lazy\" decoding=\"async\" width=\"687\" height=\"1030\" src=\"https:\/\/www.ekconcept.pl\/blog\/wp-content\/uploads\/2026\/02\/Lniana-lampa-podlogowa-oswietlenie-dekoracyjne-687x1030.jpg\" alt=\"Lniana lampa pod\u0142ogowa - o\u015bwietlenie dekoracyjne do sypialni\" class=\"wp-image-5186\" title=\"\" srcset=\"https:\/\/www.ekconcept.pl\/blog\/wp-content\/uploads\/2026\/02\/Lniana-lampa-podlogowa-oswietlenie-dekoracyjne-687x1030.jpg 687w, https:\/\/www.ekconcept.pl\/blog\/wp-content\/uploads\/2026\/02\/Lniana-lampa-podlogowa-oswietlenie-dekoracyjne-200x300.jpg 200w, https:\/\/www.ekconcept.pl\/blog\/wp-content\/uploads\/2026\/02\/Lniana-lampa-podlogowa-oswietlenie-dekoracyjne-768x1152.jpg 768w, https:\/\/www.ekconcept.pl\/blog\/wp-content\/uploads\/2026\/02\/Lniana-lampa-podlogowa-oswietlenie-dekoracyjne-1024x1536.jpg 1024w, https:\/\/www.ekconcept.pl\/blog\/wp-content\/uploads\/2026\/02\/Lniana-lampa-podlogowa-oswietlenie-dekoracyjne-1000x1500.jpg 1000w, https:\/\/www.ekconcept.pl\/blog\/wp-content\/uploads\/2026\/02\/Lniana-lampa-podlogowa-oswietlenie-dekoracyjne-470x705.jpg 470w, https:\/\/www.ekconcept.pl\/blog\/wp-content\/uploads\/2026\/02\/Lniana-lampa-podlogowa-oswietlenie-dekoracyjne.jpg 1050w\" sizes=\"auto, (max-width: 687px) 100vw, 687px\" \/><\/a><figcaption class=\"wp-element-caption\">Lniana lampa pod\u0142ogowa Prisma &#8211; kreuje atmosfer\u0119 w sypialni.<\/figcaption><\/figure>\n<\/div>\n\n\n<h2 class=\"wp-block-heading\" id=\"oswietlenie-warstwowe-w-praktyce-pomieszczenie-po-pomieszczeniu\"><strong>O\u015bwietlenie warstwowe w praktyce &#8211; pomieszczenie po pomieszczeniu<\/strong><\/h2>\n\n\n\n<p>Ka\u017cda przestrze\u0144 w Twoim <strong>domu<\/strong> ma inne potrzeby. Oto jak mo\u017cesz ugry\u017a\u0107 ten temat w najpopularniejszych strefach:<\/p>\n\n\n\n<ul class=\"wp-block-list\">\n<li><strong>Salon:<\/strong> Tu liczy si\u0119 r\u00f3\u017cnorodno\u015b\u0107. Po\u0142\u0105cz centraln\u0105 lamp\u0119 wisz\u0105c\u0105 lub plafon z kilkoma kinkietami i nastrojow\u0105 lamp\u0105 pod\u0142ogow\u0105. To serce domu, gdzie \u015bwiat\u0142o musi umie\u0107 <strong>budowa\u0107 nastr\u00f3j<\/strong> na ka\u017cd\u0105 okazj\u0119.<\/li>\n\n\n\n<li><strong>Kuchnia:<\/strong> Priorytetem jest funkcjonalno\u015b\u0107. Mocne <strong>\u015bwiat\u0142o zadaniowe<\/strong> pod szafkami to podstawa bezpiecznego przygotowywania posi\u0142k\u00f3w. Dodaj do tego dekoracyjne lampy nad wysp\u0105, by stworzy\u0107 estetyczny \u0142\u0105cznik z salonem.<\/li>\n\n\n\n<li><strong>Sypialnia:<\/strong> Skup si\u0119 na przytulno\u015bci. Zamiast jednej mocnej lampy na suficie, postaw na nastrojowe <strong>lampki nocne<\/strong> i dyskretne pod\u015bwietlenie zag\u0142\u00f3wka. Ciep\u0142e barwy pomog\u0105 Ci w wieczornym relaksie. Sprawd\u017a nasz\u0105 <a href=\"https:\/\/www.ekconcept.pl\/lampy-do-sypialni-cat-99\" target=\"_blank\" rel=\"noreferrer noopener\">kompletn\u0105 ofert\u0119 o\u015bwietlenia do sypialni<\/a>!<\/li>\n\n\n\n<li><strong>\u0141azienka:<\/strong> Potrzebujesz tu zar\u00f3wno mocnego \u015bwiat\u0142a do makija\u017cu czy golenia (przy lustrze), jak i delikatnego pod\u015bwietlenia (np. przy pod\u0142odze), kt\u00f3re nie rozbudzi Ci\u0119 podczas nocnej wizyty.<\/li>\n<\/ul>\n\n\n<div class=\"wp-block-image\">\n<figure class=\"aligncenter size-large\"><a href=\"https:\/\/www.ekconcept.pl\/metalowa-lampka-wiszaca-vintage-ester-zielona-17cm-id-2182\" target=\"_blank\" rel=\" noreferrer noopener\"><img loading=\"lazy\" decoding=\"async\" width=\"772\" height=\"1030\" src=\"https:\/\/www.ekconcept.pl\/blog\/wp-content\/uploads\/2026\/02\/Oswietlenie-warstwowe-w-kuchni-lampka-nad-blat-772x1030.jpg\" alt=\"Lampka nad blat - o\u015bwietlenie warstwowe w kuchni\" class=\"wp-image-5190\" title=\"\" srcset=\"https:\/\/www.ekconcept.pl\/blog\/wp-content\/uploads\/2026\/02\/Oswietlenie-warstwowe-w-kuchni-lampka-nad-blat-772x1030.jpg 772w, https:\/\/www.ekconcept.pl\/blog\/wp-content\/uploads\/2026\/02\/Oswietlenie-warstwowe-w-kuchni-lampka-nad-blat-225x300.jpg 225w, https:\/\/www.ekconcept.pl\/blog\/wp-content\/uploads\/2026\/02\/Oswietlenie-warstwowe-w-kuchni-lampka-nad-blat-768x1024.jpg 768w, https:\/\/www.ekconcept.pl\/blog\/wp-content\/uploads\/2026\/02\/Oswietlenie-warstwowe-w-kuchni-lampka-nad-blat-1152x1536.jpg 1152w, https:\/\/www.ekconcept.pl\/blog\/wp-content\/uploads\/2026\/02\/Oswietlenie-warstwowe-w-kuchni-lampka-nad-blat-1125x1500.jpg 1125w, https:\/\/www.ekconcept.pl\/blog\/wp-content\/uploads\/2026\/02\/Oswietlenie-warstwowe-w-kuchni-lampka-nad-blat-529x705.jpg 529w, https:\/\/www.ekconcept.pl\/blog\/wp-content\/uploads\/2026\/02\/Oswietlenie-warstwowe-w-kuchni-lampka-nad-blat.jpg 1312w\" sizes=\"auto, (max-width: 772px) 100vw, 772px\" \/><\/a><figcaption class=\"wp-element-caption\">Lampki nad blat to idealny przyk\u0142ad o\u015bwietlenia zadaniowego w kuchni.<\/figcaption><\/figure>\n<\/div>\n\n\n<p>Mamy nadziej\u0119, \u017ce ten przewodnik pomo\u017ce Ci spojrze\u0107 na swoje wn\u0119trze w nowym \u015bwietle. Pami\u0119taj, \u017ce <strong>o\u015bwietlenie warstwowe<\/strong> to nie tylko trend, ale przede wszystkim spos\u00f3b na zdrowsze i pi\u0119kniejsze \u017cycie w Twojej w\u0142asnej przestrzeni.<\/p>\n\n\n\n<p>Chcesz dobra\u0107 idealne oprawy do swojego domu? <strong>Sprawd\u017a nasz\u0105 ofert\u0119<\/strong> unikalnych lamp, kt\u00f3re pomog\u0105 Ci stworzy\u0107 wymarzon\u0105, wielowarstwow\u0105 aran\u017cacj\u0119!<\/p>\n\n\n\n<p><\/p>\n","protected":false},"excerpt":{"rendered":"<p>Twoje wn\u0119trze to Tw\u00f3j azyl \u2013 miejsce, kt\u00f3re powinno koi\u0107 zmys\u0142y po intensywnym dniu i dopasowywa\u0107 si\u0119 do Twojego rytmu \u017cycia. Czy zdarzy\u0142o Ci si\u0119 kiedy\u015b, \u017ce mimo pi\u0119knych mebli i starannie dobranych dodatk\u00f3w, pok\u00f3j wydawa\u0142 si\u0119 &#8222;p\u0142aski&#8221; lub ma\u0142o przytulny? Cz\u0119sto winowajc\u0105 jest niew\u0142a\u015bciwie dobrane \u015bwiat\u0142o. W EK Concept wierzymy, \u017ce tajemnica wn\u0119trz jak [&hellip;]<\/p>\n","protected":false},"author":3,"featured_media":5188,"comment_status":"closed","ping_status":"closed","sticky":false,"template":"","format":"standard","meta":{"footnotes":""},"categories":[16],"tags":[87],"class_list":["post-5191","post","type-post","status-publish","format-standard","has-post-thumbnail","hentry","category-porady","tag-baza-wiedzy"],"_links":{"self":[{"href":"https:\/\/www.ekconcept.pl\/blog\/wp-json\/wp\/v2\/posts\/5191","targetHints":{"allow":["GET"]}}],"collection":[{"href":"https:\/\/www.ekconcept.pl\/blog\/wp-json\/wp\/v2\/posts"}],"about":[{"href":"https:\/\/www.ekconcept.pl\/blog\/wp-json\/wp\/v2\/types\/post"}],"author":[{"embeddable":true,"href":"https:\/\/www.ekconcept.pl\/blog\/wp-json\/wp\/v2\/users\/3"}],"replies":[{"embeddable":true,"href":"https:\/\/www.ekconcept.pl\/blog\/wp-json\/wp\/v2\/comments?post=5191"}],"version-history":[{"count":7,"href":"https:\/\/www.ekconcept.pl\/blog\/wp-json\/wp\/v2\/posts\/5191\/revisions"}],"predecessor-version":[{"id":5552,"href":"https:\/\/www.ekconcept.pl\/blog\/wp-json\/wp\/v2\/posts\/5191\/revisions\/5552"}],"wp:featuredmedia":[{"embeddable":true,"href":"https:\/\/www.ekconcept.pl\/blog\/wp-json\/wp\/v2\/media\/5188"}],"wp:attachment":[{"href":"https:\/\/www.ekconcept.pl\/blog\/wp-json\/wp\/v2\/media?parent=5191"}],"wp:term":[{"taxonomy":"category","embeddable":true,"href":"https:\/\/www.ekconcept.pl\/blog\/wp-json\/wp\/v2\/categories?post=5191"},{"taxonomy":"post_tag","embeddable":true,"href":"https:\/\/www.ekconcept.pl\/blog\/wp-json\/wp\/v2\/tags?post=5191"}],"curies":[{"name":"wp","href":"https:\/\/api.w.org\/{rel}","templated":true}]}}