{"id":5467,"date":"2026-04-09T11:35:11","date_gmt":"2026-04-09T09:35:11","guid":{"rendered":"https:\/\/www.ekconcept.pl\/blog\/?p=5467"},"modified":"2026-04-09T19:42:01","modified_gmt":"2026-04-09T17:42:01","slug":"jak-dobrac-abazur-do-lampy","status":"publish","type":"post","link":"https:\/\/www.ekconcept.pl\/blog\/jak-dobrac-abazur-do-lampy\/","title":{"rendered":"Jak dobra\u0107 aba\u017cur do lampy? Idealny klosz prostym sposobem na metamorfoz\u0119 wn\u0119trza"},"content":{"rendered":"\n<p>Cz\u0119sto wydaje nam si\u0119, \u017ce aby od\u015bwie\u017cy\u0107 wygl\u0105d salonu czy sypialni, potrzebujemy generalnego remontu lub wymiany mebli. My jeste\u015bmy natomiast zdania, \u017ce magia tkwi w detalach, a wybieraj\u0105c nowe <a href=\"https:\/\/www.ekconcept.pl\/abazury-do-lamp-stojacych-cat-28\" target=\"_blank\" rel=\"noreferrer noopener\"><strong>aba\u017cury do lamp stoj\u0105cych<\/strong><\/a>, zyskujesz <strong>najprostszy spos\u00f3b na spektakularn\u0105 metamorfoz\u0119<\/strong>. To tekstylny element, kt\u00f3ry potrafi ca\u0142kowicie zmieni\u0107 charakter oprawy \u2013 od surowego minimalizmu po nastrojow\u0105 elegancj\u0119. Je\u015bli zastanawiasz si\u0119, jak dobra\u0107 aba\u017cur idealny, musisz pami\u0119ta\u0107 nie tylko o estetyce i trendach, ale r\u00f3wnie\u017c o <strong>proporcjach oraz kwestiach funkcjonalnych<\/strong>. Opowiemy Ci, jak dopasowa\u0107 aba\u017cur do lamp stoj\u0105cych i nocnych, wspominaj\u0105c tak\u017ce o mo\u017cliwo\u015bciach wymiany aba\u017cura w lampach wisz\u0105cych.<\/p>\n\n\n\n<!--more-->\n\n\n\n<div class=\"wp-block-rank-math-toc-block moj-spis-premium has-col-f-8-f-8-f-8-background-color has-text-color has-background has-link-color wp-elements-2b2a617f2887c668d6be9a532765aedf\" style=\"color:#333333;font-size:16px\" id=\"rank-math-toc\"><h2>Czego dowiesz si\u0119 z tego artyku\u0142u?<\/h2><nav><ul><li class=\"\"><a href=\"#jak-abazury-odmieniaja-wnetrza\">Jak dobrze dobrany aba\u017cur mo\u017ce odmieni\u0107 Twoj\u0105 przestrze\u0144?<\/a><\/li><li class=\"\"><a href=\"#podstawowe-typy-abazurow\">Podstawowe typy aba\u017cur\u00f3w<\/a><\/li><li class=\"\"><a href=\"#proporcje-i-wielkosc-jak-dobrac-abazur-idealny\">Proporcje i wielko\u015b\u0107 &#8211; jak dobra\u0107 aba\u017cur idealny?<\/a><\/li><li class=\"\"><a href=\"#ksztalt-klosza-a-forma-podstawy-jak-zachowac-harmonie\">Kszta\u0142t klosza a forma podstawy \u2013 jak zachowa\u0107 harmoni\u0119?<\/a><\/li><li class=\"\"><a href=\"#tkanina-klosza-od-lnu-po-aksamit\">Tkanina klosza \u2013 od lnu po aksamit<\/a><\/li><li class=\"\"><a href=\"#roznorodny-swiat-abazurow-czyli-bogactwo-kolorow-wzorow-i-faktur\">R\u00f3\u017cnorodny \u015bwiat aba\u017cur\u00f3w, czyli bogactwo kolor\u00f3w, wzor\u00f3w i faktur<\/a><\/li><li class=\"\"><a href=\"#mocowanie-abazura-poznaj-aspekty-techniczne-i-dowiedz-sie-na-co-zwrocic-uwage\">Mocowanie aba\u017cura \u2013 poznaj aspekty techniczne i dowiedz si\u0119, na co zwr\u00f3ci\u0107 uwag\u0119<\/a><\/li><li class=\"\"><a href=\"#wymiana-abazura-w-lampie-wiszacej\">Wymiana aba\u017cura w lampie wisz\u0105cej<\/a><\/li><li class=\"\"><a href=\"#jak-dobrac-abazur-pasujacy-do-klimatu-twojego-wnetrza\">Jak dobra\u0107 aba\u017cur pasuj\u0105cy do klimatu Twojego wn\u0119trza?<\/a><\/li><li class=\"\"><a href=\"#najczestsze-bledy-w-doborze-abazura\">Najcz\u0119stsze b\u0142\u0119dy w doborze aba\u017cura<\/a><\/li><li class=\"\"><a href=\"#zainwestuj-w-unikalny-abazur-i-odmien-swoje-wnetrze\">Zainwestuj w unikalny aba\u017cur i odmie\u0144 swoje wn\u0119trze!<\/a><\/li><\/ul><\/nav><\/div>\n\n\n\n<h2 class=\"wp-block-heading\" id=\"jak-abazury-odmieniaja-wnetrza\">Jak dobrze dobrany aba\u017cur mo\u017ce odmieni\u0107 Twoj\u0105 przestrze\u0144?<\/h2>\n\n\n\n<p>Tkaniny aba\u017cur\u00f3w potrafi\u0105 odmieni\u0107 wn\u0119trze r\u00f3wnie skutecznie, co nowa sofa czy zas\u0142ony, a ich wymiana jest zdecydowanie prostszym i ta\u0144szym rozwi\u0105zaniem. Mo\u017cna to por\u00f3wna\u0107 do sezonowej wymiany poduszek \u2013 <strong>to zabieg, kt\u00f3ry b\u0142yskawicznie od\u015bwie\u017ca &#8222;klimat&#8221; domu<\/strong>. Cho\u0107 ma\u0142o kto decyduje si\u0119 na zmian\u0119 klosza mi\u0119dzy porami roku, my <strong>obalamy mit, \u017ce jest to trudne technicznie<\/strong>. To prosta czynno\u015b\u0107, kt\u00f3ra pozwala dostosowa\u0107 <a href=\"https:\/\/www.ekconcept.pl\/lampy-stolowe-cat-4\"><strong>lamp\u0119 sto\u0142ow\u0105<\/strong><\/a> do Twojego aktualnego nastroju lub zmieniaj\u0105cej si\u0119 mody.<\/p>\n\n\n<div class=\"wp-block-image\">\n<figure class=\"aligncenter size-large\"><a href=\"https:\/\/www.ekconcept.pl\/delikatny-jasny-abazur-w-kwiaty-retro-sara-35cm-id-2421\" target=\"_blank\" rel=\" noreferrer noopener\"><img loading=\"lazy\" decoding=\"async\" width=\"772\" height=\"1030\" src=\"https:\/\/www.ekconcept.pl\/blog\/wp-content\/uploads\/2026\/04\/Abazur-w-kwiaty-do-lampy-podlogowej-swietnie-sprawdzi-sie-we-wnetrzu-retro-772x1030.jpg\" alt=\"Jak dobra\u0107 aba\u017cur do lampy stoj\u0105cej - aba\u017cur cylindryczny w kwiaty to prosty spos\u00f3b na odmian\u0119 wn\u0119trza\" class=\"wp-image-5462\" title=\"\" srcset=\"https:\/\/www.ekconcept.pl\/blog\/wp-content\/uploads\/2026\/04\/Abazur-w-kwiaty-do-lampy-podlogowej-swietnie-sprawdzi-sie-we-wnetrzu-retro-772x1030.jpg 772w, https:\/\/www.ekconcept.pl\/blog\/wp-content\/uploads\/2026\/04\/Abazur-w-kwiaty-do-lampy-podlogowej-swietnie-sprawdzi-sie-we-wnetrzu-retro-225x300.jpg 225w, https:\/\/www.ekconcept.pl\/blog\/wp-content\/uploads\/2026\/04\/Abazur-w-kwiaty-do-lampy-podlogowej-swietnie-sprawdzi-sie-we-wnetrzu-retro-768x1025.jpg 768w, https:\/\/www.ekconcept.pl\/blog\/wp-content\/uploads\/2026\/04\/Abazur-w-kwiaty-do-lampy-podlogowej-swietnie-sprawdzi-sie-we-wnetrzu-retro-528x705.jpg 528w, https:\/\/www.ekconcept.pl\/blog\/wp-content\/uploads\/2026\/04\/Abazur-w-kwiaty-do-lampy-podlogowej-swietnie-sprawdzi-sie-we-wnetrzu-retro.jpg 918w\" sizes=\"auto, (max-width: 772px) 100vw, 772px\" \/><\/a><figcaption class=\"wp-element-caption\">Aba\u017cur cylindryczny w delikatny kwiatowy wz\u00f3r idealnie pasuj\u0105cy do tapety &#8211; tworzy we wn\u0119trzu romantyczny klimat.<\/figcaption><\/figure>\n<\/div>\n\n<div class=\"wp-block-image\">\n<figure class=\"aligncenter size-large\"><a href=\"https:\/\/www.ekconcept.pl\/duza-lampa-stolowa-czarna-terakota-berit-38cm-id-2484\" target=\"_blank\" rel=\" noreferrer noopener\"><img loading=\"lazy\" decoding=\"async\" width=\"773\" height=\"1030\" src=\"https:\/\/www.ekconcept.pl\/blog\/wp-content\/uploads\/2026\/04\/Klasyczna-lampa-stolowa-zyskuje-nowoczesnosci-dzieki-splaszczonemu-abazurowi-773x1030.jpg\" alt=\"Klasyczna du\u017ca czarna lampa sto\u0142owa z aba\u017curem w kszta\u0142cie p\u0142askiego sto\u017cka\" class=\"wp-image-5457\" title=\"\" srcset=\"https:\/\/www.ekconcept.pl\/blog\/wp-content\/uploads\/2026\/04\/Klasyczna-lampa-stolowa-zyskuje-nowoczesnosci-dzieki-splaszczonemu-abazurowi-773x1030.jpg 773w, https:\/\/www.ekconcept.pl\/blog\/wp-content\/uploads\/2026\/04\/Klasyczna-lampa-stolowa-zyskuje-nowoczesnosci-dzieki-splaszczonemu-abazurowi-225x300.jpg 225w, https:\/\/www.ekconcept.pl\/blog\/wp-content\/uploads\/2026\/04\/Klasyczna-lampa-stolowa-zyskuje-nowoczesnosci-dzieki-splaszczonemu-abazurowi-768x1024.jpg 768w, https:\/\/www.ekconcept.pl\/blog\/wp-content\/uploads\/2026\/04\/Klasyczna-lampa-stolowa-zyskuje-nowoczesnosci-dzieki-splaszczonemu-abazurowi-1152x1536.jpg 1152w, https:\/\/www.ekconcept.pl\/blog\/wp-content\/uploads\/2026\/04\/Klasyczna-lampa-stolowa-zyskuje-nowoczesnosci-dzieki-splaszczonemu-abazurowi-1125x1500.jpg 1125w, https:\/\/www.ekconcept.pl\/blog\/wp-content\/uploads\/2026\/04\/Klasyczna-lampa-stolowa-zyskuje-nowoczesnosci-dzieki-splaszczonemu-abazurowi-529x705.jpg 529w, https:\/\/www.ekconcept.pl\/blog\/wp-content\/uploads\/2026\/04\/Klasyczna-lampa-stolowa-zyskuje-nowoczesnosci-dzieki-splaszczonemu-abazurowi.jpg 1500w\" sizes=\"auto, (max-width: 773px) 100vw, 773px\" \/><\/a><figcaption class=\"wp-element-caption\">Lampa sto\u0142owa w formie klasycznej wazy uzupe\u0142niona o aba\u017cur w kszta\u0142cie p\u0142askiego sto\u017cka zyskuje nowoczesnego charakteru. Tu: model Berit marki Watt&amp;Veke. <\/figcaption><\/figure>\n<\/div>\n\n\n<h2 class=\"wp-block-heading\" id=\"podstawowe-typy-abazurow\">Podstawowe typy aba\u017cur\u00f3w<\/h2>\n\n\n\n<p>Zrozumienie rodzaj\u00f3w mocowa\u0144 i przeznaczenia kloszy to pierwszy krok do udanych zakup\u00f3w. Oto najpopularniejsze z nich:<\/p>\n\n\n\n<ul class=\"wp-block-list\">\n<li><strong>Aba\u017cury do <\/strong><a href=\"https:\/\/www.ekconcept.pl\/lampy-podlogowe-i-stojace-cat-175\"><strong>lamp stoj\u0105cych<\/strong><\/a><strong> i lampek nocnych:<\/strong> Najcz\u0119\u015bciej posiadaj\u0105 dolne mocowanie na gwint E27 lub s\u0105 nak\u0142adane bezpo\u015brednio na \u017car\u00f3wk\u0119. W tej grupie znajdziesz ma\u0142e aba\u017curki do lampek nocnych, \u015brednie modele sto\u0142owe oraz <a href=\"https:\/\/www.ekconcept.pl\/duze-abazury-do-lamp-stojacych-cat-132\" target=\"_blank\" rel=\"noreferrer noopener\"><strong>du\u017ce aba\u017cury do lamp stoj\u0105cych<\/strong><\/a>, kt\u00f3re najlepiej prezentuj\u0105 si\u0119 na wysokich podstawach pod\u0142ogowych.<\/li>\n\n\n\n<li><strong>Aba\u017cury do kinkiet\u00f3w i \u017cyrandoli:<\/strong> To zazwyczaj filigranowe <a href=\"https:\/\/www.ekconcept.pl\/abazury-do-kinkietow-cat-29\" target=\"_blank\" rel=\"noreferrer noopener\"><strong>aba\u017cury do kinkiet\u00f3w<\/strong><\/a>, kt\u00f3re nak\u0142ada si\u0119 bezpo\u015brednio na \u017car\u00f3wk\u0119, by subtelnie rozproszy\u0107 \u015bwiat\u0142o na \u015bcianie. Modele te r\u00f3wnie dobrze zaprezentuj\u0105 si\u0119 na klasycznych \u017cyrandolach.<\/li>\n\n\n\n<li><strong>Aba\u017cury z g\u00f3rnym mocowaniem:<\/strong> Idealne do lamp wisz\u0105cych oraz regulowanych lamp pod\u0142ogowych, kt\u00f3re kieruj\u0105 strumie\u0144 \u015bwiat\u0142a bezpo\u015brednio w d\u00f3\u0142.<\/li>\n<\/ul>\n\n\n\n<p>Zobacz wszystkie <a href=\"https:\/\/www.ekconcept.pl\/lampy-stolowe-z-abazurem-cat-164\"><strong>lampy sto\u0142owe z aba\u017curem<\/strong><\/a> dost\u0119pne w naszym sklepie \u2013 w wi\u0119kszo\u015bci z nich mo\u017cesz dowolnie dobra\u0107 aba\u017cur do podstawy lampy!<\/p>\n\n\n<div class=\"wp-block-image\">\n<figure class=\"aligncenter size-large\"><a href=\"https:\/\/www.ekconcept.pl\/abazur-plisowany-falowany-stozek-siv-kremowy-id-1833\" target=\"_blank\" rel=\" noreferrer noopener\"><img loading=\"lazy\" decoding=\"async\" width=\"729\" height=\"1030\" src=\"https:\/\/www.ekconcept.pl\/blog\/wp-content\/uploads\/2026\/04\/Plisowane-abazury-Siv-z-gornym-mocowaniem-729x1030.jpg\" alt=\"Aba\u017cury z g\u00f3rnym mocowaniem - idealne do zawieszenia lub zamontowania jako lampa wisz\u0105ca\" class=\"wp-image-5459\" title=\"\" srcset=\"https:\/\/www.ekconcept.pl\/blog\/wp-content\/uploads\/2026\/04\/Plisowane-abazury-Siv-z-gornym-mocowaniem-729x1030.jpg 729w, https:\/\/www.ekconcept.pl\/blog\/wp-content\/uploads\/2026\/04\/Plisowane-abazury-Siv-z-gornym-mocowaniem-212x300.jpg 212w, https:\/\/www.ekconcept.pl\/blog\/wp-content\/uploads\/2026\/04\/Plisowane-abazury-Siv-z-gornym-mocowaniem-768x1086.jpg 768w, https:\/\/www.ekconcept.pl\/blog\/wp-content\/uploads\/2026\/04\/Plisowane-abazury-Siv-z-gornym-mocowaniem-499x705.jpg 499w, https:\/\/www.ekconcept.pl\/blog\/wp-content\/uploads\/2026\/04\/Plisowane-abazury-Siv-z-gornym-mocowaniem.jpg 800w\" sizes=\"auto, (max-width: 729px) 100vw, 729px\" \/><\/a><figcaption class=\"wp-element-caption\">Aba\u017cury z g\u00f3rnym mocowaniem Siv &#8211; do zawieszenia jako lampa wisz\u0105ca lub zamontowania na regulowanej lampie pod\u0142ogowej.<\/figcaption><\/figure>\n<\/div>\n\n\n<h2 class=\"wp-block-heading\" id=\"proporcje-i-wielkosc-jak-dobrac-abazur-idealny\">Proporcje i wielko\u015b\u0107 &#8211; jak dobra\u0107 aba\u017cur idealny?<\/h2>\n\n\n\n<p>Dobrze dobrany aba\u017cur to taki, kt\u00f3ry <strong>nie dominuje nad podstaw\u0105, ale te\u017c nie wydaje si\u0119 przy niej zbyt skromny<\/strong>. Aby zachowa\u0107 harmoni\u0119, warto trzyma\u0107 si\u0119 kilku z\u0142otych zasad:<\/p>\n\n\n\n<ul class=\"wp-block-list\">\n<li><strong>Wysoko\u015b\u0107 klosza:<\/strong> Powinna stanowi\u0107 oko\u0142o <strong>30-40% ca\u0142kowitej wysoko\u015bci lampy<\/strong> (w\u0142\u0105cznie z aba\u017curem). Innymi s\u0142owy, <strong>wysoko\u015b\u0107 aba\u017cura powinna stanowi\u0107 ok. 60-80% wysoko\u015bci podstawy lampy<\/strong>, do kt\u00f3rej go dobieramy. Wyj\u0105tkiem s\u0105 jedynie bardzo wysokie i smuk\u0142e lampy sto\u0142owe, kt\u00f3re czasem wymagaj\u0105 mniejszych, l\u017cejszych optycznie kloszy.<\/li>\n\n\n\n<li><strong>Szeroko\u015b\u0107 wzgl\u0119dem podstawy:<\/strong> Aba\u017cur powinien by\u0107 zazwyczaj szerszy od najszerszego punktu podstawy lampy. Je\u015bli podstawa jest masywna, klosz powinien by\u0107 o oko\u0142o <strong>1,5 raza szerszy od podstawy, <\/strong>przy bardziej smuk\u0142ych, mo\u017ce by\u0107 <strong>dwukrotnie szersza<\/strong>. Przy bardzo smuk\u0142ych statywach ta zasada jest mniej rygorystyczna. <em>Uwaga! Powy\u017csze nie dotyczy bardzo p\u0142askich sto\u017ck\u00f3w &#8211; tam najcz\u0119\u015bciej wybieramy szersze modele, bo proporcje klosza s\u0105 zupe\u0142nie inne.<\/em><\/li>\n\n\n\n<li><strong>Dopasowanie do mebla:<\/strong> Wielko\u015b\u0107 lampy musi wsp\u00f3\u0142gra\u0107 z przestrzeni\u0105. Kraw\u0119d\u017a aba\u017curu nie powinien wykracza\u0107 poza obrys komody czy konsoli, na kt\u00f3rej stoi lampa. Koniecznie zobacz tak\u017ce nasz <strong><a href=\"https:\/\/www.ekconcept.pl\/blog\/jak-dobrac-lampe-stolowa\/\" data-type=\"post\" data-id=\"3666\">poradnik doboru lamp sto\u0142owych do wn\u0119trza<\/a><\/strong>!<\/li>\n\n\n\n<li><strong>Do lamp stoj\u0105cych (pod\u0142ogowych)<\/strong> wybieraj aba\u017cury o \u015brednicy <strong>minimum 35 cm<\/strong>, a najlepiej te w rozmiarze 40-50 cm.<\/li>\n\n\n\n<li><strong>Do <\/strong><a href=\"https:\/\/www.ekconcept.pl\/lampki-nocne-cat-127\"><strong>lampek nocnych<\/strong><\/a> o mniejszej wielko\u015bci wybieraj klosze o \u015brednicy 20-30cm. Do wi\u0119kszych modeli oczywi\u015bcie mo\u017cesz dopasowa\u0107 bardziej poka\u017ane aba\u017cury.<\/li>\n\n\n\n<li><strong>Zasada wi\u0119kszego rozmiaru:<\/strong> Je\u015bli wahasz si\u0119 mi\u0119dzy dwoma wymiarami, jako eksperci radzimy: wybierz ten wi\u0119kszy. Zbyt ma\u0142y aba\u017cur to najcz\u0119stszy b\u0142\u0105d, kt\u00f3ry psuje proporcje ca\u0142ej oprawy.<\/li>\n<\/ul>\n\n\n\n<blockquote class=\"wp-block-quote is-layout-flow wp-block-quote-is-layout-flow\">\n<p><strong><em>Porada ode mnie:<\/em><\/strong><em> przy wyborze kieruj si\u0119 przede wszystkim swoim gustem i intuicj\u0105. Od wszystkich zasad s\u0105 wyj\u0105tki. Przejrzyj te\u017c nasze inspiracje i zobacz, jak do tej samej podstawy mo\u017cna u\u017cy\u0107 zupe\u0142nie innych aba\u017cur\u00f3w, by uzyska\u0107 odmienne, ale zawsze pi\u0119kne efekty. Je\u015bli poszukujesz klosza do swojej lampy, przejrzyj zdj\u0119cia podobnych lamp i zobacz, jakie aba\u017cury s\u0105 pokazane na zdj\u0119ciach produktowych i aran\u017cacyjnych. Pami\u0119taj, \u017ce \u015brednice aba\u017cur\u00f3w podawane s\u0105 najcz\u0119\u015bciej mierz\u0105c je w najszerszym miejscu. W razie w\u0105tpliwo\u015bci podczas wyboru, zawsze mo\u017cesz skontaktowa\u0107 si\u0119 z nami pod nr 516\u00a0919\u00a0571!<\/em><\/p>\n<\/blockquote>\n\n\n<div class=\"wp-block-image\">\n<figure class=\"aligncenter size-large\"><a href=\"https:\/\/www.ekconcept.pl\/maly-bezowy-abazur-retro-lniany-jasmine-id-2364\" target=\"_blank\" rel=\" noreferrer noopener\"><img loading=\"lazy\" decoding=\"async\" width=\"773\" height=\"1030\" src=\"https:\/\/www.ekconcept.pl\/blog\/wp-content\/uploads\/2026\/04\/Maly-abazur-lniany-do-lampki-na-parapet-773x1030.jpg\" alt=\"Ma\u0142a lampka sto\u0142owa na parapet z lnianym aba\u017curem\" class=\"wp-image-5458\" title=\"\" srcset=\"https:\/\/www.ekconcept.pl\/blog\/wp-content\/uploads\/2026\/04\/Maly-abazur-lniany-do-lampki-na-parapet-773x1030.jpg 773w, https:\/\/www.ekconcept.pl\/blog\/wp-content\/uploads\/2026\/04\/Maly-abazur-lniany-do-lampki-na-parapet-225x300.jpg 225w, https:\/\/www.ekconcept.pl\/blog\/wp-content\/uploads\/2026\/04\/Maly-abazur-lniany-do-lampki-na-parapet-768x1024.jpg 768w, https:\/\/www.ekconcept.pl\/blog\/wp-content\/uploads\/2026\/04\/Maly-abazur-lniany-do-lampki-na-parapet-529x705.jpg 529w, https:\/\/www.ekconcept.pl\/blog\/wp-content\/uploads\/2026\/04\/Maly-abazur-lniany-do-lampki-na-parapet.jpg 1050w\" sizes=\"auto, (max-width: 773px) 100vw, 773px\" \/><\/a><figcaption class=\"wp-element-caption\">Do niewielkich przestrzeni, takich jak parapety, najlepiej pasuj\u0105 aba\u017cury o ma\u0142ych \u015brednicach. Tu model z delikatnym, falowanym wyko\u0144czeniem wykonany z lnu.<\/figcaption><\/figure>\n<\/div>\n\n\n<h2 class=\"wp-block-heading\" id=\"ksztalt-klosza-a-forma-podstawy-jak-zachowac-harmonie\"><strong>Kszta\u0142t klosza a forma podstawy \u2013 jak zachowa\u0107 harmoni\u0119?<\/strong><\/h2>\n\n\n\n<p>Kszta\u0142t aba\u017cura powinien nawi\u0105zywa\u0107 do linii podstawy lampy, by tworzy\u0107 z ni\u0105 jednolity, niemal rze\u017abiarski obiekt:<\/p>\n\n\n\n<ul class=\"wp-block-list\">\n<li><a href=\"https:\/\/www.ekconcept.pl\/abazury-cylindryczne-cat-173\" target=\"_blank\" rel=\"noreferrer noopener\"><strong>Aba\u017cury cylindryczne<\/strong><\/a> &#8211; &nbsp;fantastycznie pasuj\u0105 do nowoczesnych, <strong>kulistych<\/strong> podstaw.<\/li>\n\n\n\n<li><a href=\"https:\/\/www.ekconcept.pl\/abazury-stozkowe-cat-172\" target=\"_blank\" rel=\"noreferrer noopener\"><strong>Aba\u017cury sto\u017ckowe<\/strong><\/a><strong> <\/strong>&#8211; to klasyka, kt\u00f3ra nigdy nie wychodzi z mody. P\u0142askie sto\u017cki dodaj\u0105 lampom nowoczesnego, designerskiego sznytu, a bardziej \u0142agodne \u2013 klasycznej elegancji.<\/li>\n\n\n\n<li><strong>Aba\u017cury kwadratowe i prostok\u0105tne<\/strong> \u2013 najlepiej prezentuj\u0105 si\u0119 na podstawach o geometrycznych kszta\u0142tach.<\/li>\n\n\n\n<li><strong>Aba\u017cury owalne<\/strong> &#8211; nasze ulubione rozwi\u0105zanie na <strong>w\u0105skie konsole i parapety<\/strong>. Dzi\u0119ki sp\u0142aszczonej formie lampa mo\u017ce sta\u0107 blisko \u015bciany, nie trac\u0105c przy tym na elegancji.<\/li>\n<\/ul>\n\n\n<div class=\"wp-block-image\">\n<figure class=\"aligncenter size-large\"><a href=\"https:\/\/www.ekconcept.pl\/cylindryczny-abazur-celine-ptaki-boho-bezowy-id-2015\" target=\"_blank\" rel=\" noreferrer noopener\"><img loading=\"lazy\" decoding=\"async\" width=\"773\" height=\"1030\" src=\"https:\/\/www.ekconcept.pl\/blog\/wp-content\/uploads\/2026\/04\/Bezowy-abazur-w-ptaki-w-stonowanych-kolorach-styl-boho-773x1030.jpg\" alt=\"Aba\u017cur boho cylindryczny w stonowany wz\u00f3r w ptaki\" class=\"wp-image-5465\" title=\"\" srcset=\"https:\/\/www.ekconcept.pl\/blog\/wp-content\/uploads\/2026\/04\/Bezowy-abazur-w-ptaki-w-stonowanych-kolorach-styl-boho-773x1030.jpg 773w, https:\/\/www.ekconcept.pl\/blog\/wp-content\/uploads\/2026\/04\/Bezowy-abazur-w-ptaki-w-stonowanych-kolorach-styl-boho-225x300.jpg 225w, https:\/\/www.ekconcept.pl\/blog\/wp-content\/uploads\/2026\/04\/Bezowy-abazur-w-ptaki-w-stonowanych-kolorach-styl-boho-768x1024.jpg 768w, https:\/\/www.ekconcept.pl\/blog\/wp-content\/uploads\/2026\/04\/Bezowy-abazur-w-ptaki-w-stonowanych-kolorach-styl-boho-529x705.jpg 529w, https:\/\/www.ekconcept.pl\/blog\/wp-content\/uploads\/2026\/04\/Bezowy-abazur-w-ptaki-w-stonowanych-kolorach-styl-boho.jpg 840w\" sizes=\"auto, (max-width: 773px) 100vw, 773px\" \/><\/a><figcaption class=\"wp-element-caption\">Aba\u017cury cylindryczne najlepiej sprawdzaj\u0105 si\u0119 na okr\u0105g\u0142ych podstawach lamp. Tu model Celine w stylu boho z delikatnym wzorem w \u017curawie.<\/figcaption><\/figure>\n<\/div>\n\n\n<h2 class=\"wp-block-heading\" id=\"tkanina-klosza-od-lnu-po-aksamit\"><strong>Tkanina klosza \u2013 od lnu po aksamit<\/strong><\/h2>\n\n\n\n<p>Wyb\u00f3r materia\u0142u to nie tylko kwestia estetyki, ale przede wszystkim decyzja o tym, <strong>jak \u015bwiat\u0142o b\u0119dzie pracowa\u0107<\/strong> w Twoim wymarzonym wn\u0119trzu.<\/p>\n\n\n\n<ul class=\"wp-block-list\">\n<li><strong>Podszycie z laminatu<\/strong> &#8211; podczas wyboru klosza zawsze sprawd\u017a, czy posiada on od spodu podszycie z laminatu. Je\u015bli tak, aba\u017cur b\u0119dzie przepuszcza\u0142 mniej \u015bwiat\u0142a przez sam\u0105 tkanin\u0119 \u2013 blask b\u0119dzie wydostawa\u0142 si\u0119 wtedy g\u0142\u00f3wnie do\u0142em i g\u00f3r\u0105 oprawy. Na rynku s\u0105 modele z klasycznym bia\u0142ym laminatem, ale r\u00f3wnie\u017c srebrnym lub z\u0142otym, kt\u00f3ry stanowi dodatkow\u0105 dekoracj\u0119 i pi\u0119knie odbija \u015bwiat\u0142o.<\/li>\n\n\n\n<li><strong>Przyt\u0142umione \u015bwiat\u0142o:<\/strong> Niekt\u00f3re modele w naszej ofercie posiadaj\u0105 specjaln\u0105 wstawk\u0119 tkaninow\u0105, kt\u00f3r\u0105 mo\u017cesz przykry\u0107 klosz od g\u00f3ry. To idealny spos\u00f3b, by \u015bwiat\u0142o sta\u0142o si\u0119 jeszcze bardziej przyt\u0142umione i nastrojowe.<\/li>\n\n\n\n<li><strong>Bogactwo struktur:<\/strong> Zwr\u00f3\u0107 uwag\u0119 na r\u00f3\u017cnorodno\u015b\u0107 dost\u0119pnych materia\u0142\u00f3w \u2013 od klasycznych aba\u017cur\u00f3w bawe\u0142nianych i poliestrowych, a\u017c po luksusowe modele aksamitne i \u017cakardowe.<\/li>\n\n\n\n<li><strong>Naturalny oplot:<\/strong> Szczeg\u00f3lnie polecamy <a href=\"https:\/\/www.ekconcept.pl\/abazury-lniane-cat-109\" target=\"_blank\" rel=\"noreferrer noopener\"><strong>aba\u017cury lniane<\/strong><\/a> <strong>wykonane w ca\u0142o\u015bci z tkaniny, bez u\u017cycia laminatu<\/strong>. Po pod\u015bwietleniu \u017car\u00f3wk\u0105 ukazuj\u0105 one swoj\u0105 przepi\u0119kn\u0105 struktur\u0119 oplotu, co wygl\u0105da niezwykle szlachetnie i autentycznie.<\/li>\n<\/ul>\n\n\n<div class=\"wp-block-image\">\n<figure class=\"aligncenter size-large\"><a href=\"https:\/\/www.ekconcept.pl\/lniany-abazur-plisowany-stozek-ella-bezowy-id-2436\" target=\"_blank\" rel=\" noreferrer noopener\"><img loading=\"lazy\" decoding=\"async\" width=\"773\" height=\"1030\" src=\"https:\/\/www.ekconcept.pl\/blog\/wp-content\/uploads\/2026\/04\/Jak-dobrac-abazur-do-lampy-lniany-abazur-plisowany-do-lampki-nocnej-773x1030.jpg\" alt=\"Lniany aba\u017cur do lampki nocnej zapewnia mi\u0119kkie, delikatne \u015bwiat\u0142o\" class=\"wp-image-5456\" title=\"\" srcset=\"https:\/\/www.ekconcept.pl\/blog\/wp-content\/uploads\/2026\/04\/Jak-dobrac-abazur-do-lampy-lniany-abazur-plisowany-do-lampki-nocnej-773x1030.jpg 773w, https:\/\/www.ekconcept.pl\/blog\/wp-content\/uploads\/2026\/04\/Jak-dobrac-abazur-do-lampy-lniany-abazur-plisowany-do-lampki-nocnej-225x300.jpg 225w, https:\/\/www.ekconcept.pl\/blog\/wp-content\/uploads\/2026\/04\/Jak-dobrac-abazur-do-lampy-lniany-abazur-plisowany-do-lampki-nocnej-768x1024.jpg 768w, https:\/\/www.ekconcept.pl\/blog\/wp-content\/uploads\/2026\/04\/Jak-dobrac-abazur-do-lampy-lniany-abazur-plisowany-do-lampki-nocnej-1152x1536.jpg 1152w, https:\/\/www.ekconcept.pl\/blog\/wp-content\/uploads\/2026\/04\/Jak-dobrac-abazur-do-lampy-lniany-abazur-plisowany-do-lampki-nocnej-1125x1500.jpg 1125w, https:\/\/www.ekconcept.pl\/blog\/wp-content\/uploads\/2026\/04\/Jak-dobrac-abazur-do-lampy-lniany-abazur-plisowany-do-lampki-nocnej-529x705.jpg 529w, https:\/\/www.ekconcept.pl\/blog\/wp-content\/uploads\/2026\/04\/Jak-dobrac-abazur-do-lampy-lniany-abazur-plisowany-do-lampki-nocnej.jpg 1500w\" sizes=\"auto, (max-width: 773px) 100vw, 773px\" \/><\/a><figcaption class=\"wp-element-caption\">Aba\u017cur wykonany w ca\u0142o\u015bci z lnu, bez wstawki z laminatu &#8211; zapewnia mi\u0119kkie \u015bwiat\u0142o, idealne do sypialni. Tu model Ella marki Watt&amp;Veke<\/figcaption><\/figure>\n<\/div>\n\n\n<h2 class=\"wp-block-heading\" id=\"roznorodny-swiat-abazurow-czyli-bogactwo-kolorow-wzorow-i-faktur\">R\u00f3\u017cnorodny \u015bwiat aba\u017cur\u00f3w, czyli bogactwo kolor\u00f3w, wzor\u00f3w i faktur<\/h2>\n\n\n\n<p>Kolor i dese\u0144 to narz\u0119dzia, kt\u00f3rymi mo\u017cesz b\u0142yskawicznie odmieni\u0107 charakter pomieszczenia, nadaj\u0105c mu zupe\u0142nie now\u0105 energi\u0119.<\/p>\n\n\n\n<ul class=\"wp-block-list\">\n<li><strong>Kolor a przepuszczalno\u015b\u0107<\/strong>:Pami\u0119taj o prostej zasadzie: jasne tkaniny przepuszczaj\u0105 znacznie wi\u0119cej \u015bwiat\u0142a ni\u017c te w ciemnych odcieniach.<\/li>\n\n\n\n<li><strong>Wzorzyste akcenty:<\/strong> <a href=\"https:\/\/www.ekconcept.pl\/abazury-w-kwiaty-cat-131\" target=\"_blank\" rel=\"noreferrer noopener\"><strong>Aba\u017cury w kwiaty<\/strong><\/a> i inne wyraziste desenie to doskona\u0142y pomys\u0142 na wprowadzenie do wn\u0119trza mocnego akcentu dekoracyjnego. Te ze wzorami w stonowanych barwach bezb\u0142\u0119dnie uzupe\u0142ni\u0105 aran\u017cacje w stylu romantycznym, boho oraz retro.<\/li>\n\n\n\n<li><strong>Stylowe plisy:<\/strong> Niezwykle modne <a href=\"https:\/\/www.ekconcept.pl\/abazury-plisowane-cat-118\" target=\"_blank\" rel=\"noreferrer noopener\"><strong>aba\u017cury plisowane<\/strong><\/a> to strza\u0142 w dziesi\u0105tk\u0119 dla mi\u0142o\u015bnik\u00f3w klimatu retro i przytulnego boho. Ich rytmiczna faktura dodaje lampie wyj\u0105tkowego sznytu, czyni\u0105c z niej rze\u017abiarsk\u0105 ozdob\u0119 wn\u0119trza.<\/li>\n<\/ul>\n\n\n<div class=\"wp-block-image\">\n<figure class=\"aligncenter size-large\"><a href=\"https:\/\/www.ekconcept.pl\/abazury-w-kwiaty-cat-131\" target=\"_blank\" rel=\" noreferrer noopener\"><img loading=\"lazy\" decoding=\"async\" width=\"773\" height=\"1030\" src=\"https:\/\/www.ekconcept.pl\/blog\/wp-content\/uploads\/2026\/04\/Romantyczne-abazury-w-kwiaty-PR-Home-773x1030.jpg\" alt=\"Aba\u017cury w kwiaty marki PR Home\" class=\"wp-image-5460\" title=\"\" srcset=\"https:\/\/www.ekconcept.pl\/blog\/wp-content\/uploads\/2026\/04\/Romantyczne-abazury-w-kwiaty-PR-Home-773x1030.jpg 773w, https:\/\/www.ekconcept.pl\/blog\/wp-content\/uploads\/2026\/04\/Romantyczne-abazury-w-kwiaty-PR-Home-225x300.jpg 225w, https:\/\/www.ekconcept.pl\/blog\/wp-content\/uploads\/2026\/04\/Romantyczne-abazury-w-kwiaty-PR-Home-768x1024.jpg 768w, https:\/\/www.ekconcept.pl\/blog\/wp-content\/uploads\/2026\/04\/Romantyczne-abazury-w-kwiaty-PR-Home-529x705.jpg 529w, https:\/\/www.ekconcept.pl\/blog\/wp-content\/uploads\/2026\/04\/Romantyczne-abazury-w-kwiaty-PR-Home.jpg 1050w\" sizes=\"auto, (max-width: 773px) 100vw, 773px\" \/><\/a><figcaption class=\"wp-element-caption\">Aba\u017cury w kwiaty i inne wzory mog\u0105 by\u0107 ciekaw\u0105 alternatyw\u0105 dla monochromatycznych modeli.<\/figcaption><\/figure>\n<\/div>\n\n<div class=\"wp-block-image\">\n<figure class=\"aligncenter size-large\"><a href=\"https:\/\/www.ekconcept.pl\/lniany-abazur-plisowany-stozek-ella-bialy-id-2437\" target=\"_blank\" rel=\" noreferrer noopener\"><img loading=\"lazy\" decoding=\"async\" width=\"687\" height=\"1030\" src=\"https:\/\/www.ekconcept.pl\/blog\/wp-content\/uploads\/2026\/04\/Bialy-plisowany-abazur-lniany-do-lampy-stolowej-687x1030.jpg\" alt=\"Lniany aba\u017cur plisowany w stylu retro\" class=\"wp-image-5466\" title=\"\" srcset=\"https:\/\/www.ekconcept.pl\/blog\/wp-content\/uploads\/2026\/04\/Bialy-plisowany-abazur-lniany-do-lampy-stolowej-687x1030.jpg 687w, https:\/\/www.ekconcept.pl\/blog\/wp-content\/uploads\/2026\/04\/Bialy-plisowany-abazur-lniany-do-lampy-stolowej-200x300.jpg 200w, https:\/\/www.ekconcept.pl\/blog\/wp-content\/uploads\/2026\/04\/Bialy-plisowany-abazur-lniany-do-lampy-stolowej-768x1152.jpg 768w, https:\/\/www.ekconcept.pl\/blog\/wp-content\/uploads\/2026\/04\/Bialy-plisowany-abazur-lniany-do-lampy-stolowej-1024x1536.jpg 1024w, https:\/\/www.ekconcept.pl\/blog\/wp-content\/uploads\/2026\/04\/Bialy-plisowany-abazur-lniany-do-lampy-stolowej-1365x2048.jpg 1365w, https:\/\/www.ekconcept.pl\/blog\/wp-content\/uploads\/2026\/04\/Bialy-plisowany-abazur-lniany-do-lampy-stolowej-1000x1500.jpg 1000w, https:\/\/www.ekconcept.pl\/blog\/wp-content\/uploads\/2026\/04\/Bialy-plisowany-abazur-lniany-do-lampy-stolowej-470x705.jpg 470w, https:\/\/www.ekconcept.pl\/blog\/wp-content\/uploads\/2026\/04\/Bialy-plisowany-abazur-lniany-do-lampy-stolowej.jpg 1400w\" sizes=\"auto, (max-width: 687px) 100vw, 687px\" \/><\/a><figcaption class=\"wp-element-caption\">Aba\u017cury plisowane dodaj\u0105 wn\u0119trzom klimatu retro. Tu bia\u0142y aba\u017cur Ella od Watt&amp;Veke<\/figcaption><\/figure>\n<\/div>\n\n\n<h2 class=\"wp-block-heading\" id=\"mocowanie-abazura-poznaj-aspekty-techniczne-i-dowiedz-sie-na-co-zwrocic-uwage\">Mocowanie aba\u017cura \u2013 poznaj aspekty techniczne i dowiedz si\u0119, na co zwr\u00f3ci\u0107 uwag\u0119<\/h2>\n\n\n\n<p>Zanim zdecydujesz si\u0119 na konkretny model, sprawd\u017a, jaki rodzaj monta\u017cu przewidzia\u0142 producent Twojej lampy. To kluczowy szczeg\u00f3\u0142, kt\u00f3ry decyduje o tym, czy klosz b\u0119dzie stabilnie osadzony i bezpieczny w u\u017cytkowaniu.<\/p>\n\n\n\n<ul class=\"wp-block-list\">\n<li><strong>Dolne mocowanie na gwint E27:<\/strong> To najpopularniejszy standard, kt\u00f3ry znajdziesz w wi\u0119kszo\u015bci lamp stoj\u0105cych i sto\u0142owych. Cz\u0119sto do zestawu do\u0142\u0105czony jest specjalny pier\u015bcie\u0144 redukcyjny, dzi\u0119ki kt\u00f3remu bez trudu dopasujesz aba\u017cur r\u00f3wnie\u017c do mniejszego gwintu E14.<\/li>\n\n\n\n<li><strong>Mocowanie na \u017car\u00f3wk\u0119:<\/strong> Rozwi\u0105zanie idealne dla mniejszych i l\u017cejszych form. Stosuje si\u0119 je zazwyczaj w aba\u017curach do lampek nocnych, kinkiet\u00f3w lub \u017cyrandoli, gdzie klosz po prostu \u201ezatrzaskuje si\u0119\u201d bezpo\u015brednio na szkle \u017car\u00f3wki.<\/li>\n\n\n\n<li><strong>G\u00f3rne mocowanie:<\/strong> Specyficzny rodzaj monta\u017cu, w kt\u00f3rym klosz jest podtrzymywany od g\u00f3ry. Jest on niezb\u0119dny w przypadku lamp wisz\u0105cych, a tak\u017ce regulowanych kinkiet\u00f3w oraz lamp pod\u0142ogowych, kt\u00f3re kieruj\u0105 strumie\u0144 \u015bwiat\u0142a ku do\u0142owi.<\/li>\n<\/ul>\n\n\n\n<blockquote class=\"wp-block-quote is-layout-flow wp-block-quote-is-layout-flow\">\n<p><strong><em>Rada ode mnie:<\/em><\/strong><em> Je\u015bli masz star\u0105, zabytkow\u0105 lamp\u0119 stoj\u0105c\u0105 i nie jeste\u015b pewna, czy nowoczesne aba\u017cury b\u0119d\u0105 do niej pasowa\u0107, najlepiej skontaktuj si\u0119 ze sklepem i prze\u015blij zdj\u0119cia mocowania w lampie. Wiele starych egzemplarzy posiada\u0142o mocowania odmienne od tych, kt\u00f3re stosowane s\u0105 obecnie.<\/em><\/p>\n<\/blockquote>\n\n\n<div class=\"wp-block-image\">\n<figure class=\"aligncenter size-large\"><a href=\"https:\/\/www.ekconcept.pl\/cyldinryczny-bialy-abazur-z-czarna-lamowka-ava-id-2274\" target=\"_blank\" rel=\" noreferrer noopener\"><img loading=\"lazy\" decoding=\"async\" width=\"773\" height=\"1030\" src=\"https:\/\/www.ekconcept.pl\/blog\/wp-content\/uploads\/2026\/04\/Eleganckie-abazury-cylindryczne-do-lamp-stolowych-773x1030.jpg\" alt=\"Klasyczne, cylindryczne aba\u017cury z czarnymi lam\u00f3wkami\" class=\"wp-image-5454\" title=\"\" srcset=\"https:\/\/www.ekconcept.pl\/blog\/wp-content\/uploads\/2026\/04\/Eleganckie-abazury-cylindryczne-do-lamp-stolowych-773x1030.jpg 773w, https:\/\/www.ekconcept.pl\/blog\/wp-content\/uploads\/2026\/04\/Eleganckie-abazury-cylindryczne-do-lamp-stolowych-225x300.jpg 225w, https:\/\/www.ekconcept.pl\/blog\/wp-content\/uploads\/2026\/04\/Eleganckie-abazury-cylindryczne-do-lamp-stolowych-768x1024.jpg 768w, https:\/\/www.ekconcept.pl\/blog\/wp-content\/uploads\/2026\/04\/Eleganckie-abazury-cylindryczne-do-lamp-stolowych-529x705.jpg 529w, https:\/\/www.ekconcept.pl\/blog\/wp-content\/uploads\/2026\/04\/Eleganckie-abazury-cylindryczne-do-lamp-stolowych.jpg 1050w\" sizes=\"auto, (max-width: 773px) 100vw, 773px\" \/><\/a><figcaption class=\"wp-element-caption\">Aba\u017cury cylindryczne s\u0105 uniwersalne &#8211; pasuj\u0105 zar\u00f3wno do lamp stoj\u0105cych, jak i nadaj\u0105 si\u0119 do zawieszenia. Tu elegancki model Ava z czarnymi lam\u00f3wkami.<\/figcaption><\/figure>\n<\/div>\n\n\n<h2 class=\"wp-block-heading\" id=\"wymiana-abazura-w-lampie-wiszacej\">Wymiana aba\u017cura w lampie wisz\u0105cej<\/h2>\n\n\n\n<p>Zastanawiasz si\u0119 jak dobra\u0107 aba\u017cur do lampy wisz\u0105cej? Metamorfoza o\u015bwietlenia g\u00f3rnego jest r\u00f3wnie prosta, o ile Twoja lampa nie ma klosza zamontowanego na sta\u0142e. <strong>Wi\u0119kszo\u015b\u0107 lamp aba\u017curowych sk\u0142ada si\u0119 z dw\u00f3ch cz\u0119\u015bci: oprawki z kablem oraz wymiennego klosza.<\/strong> Aby odmieni\u0107 wygl\u0105d \u017cyrandola, wystarczy odkr\u0119ci\u0107 pier\u015bcie\u0144 na gwincie, zdj\u0105\u0107 stary aba\u017cur, za\u0142o\u017cy\u0107 nowy i ponownie przykr\u0119ci\u0107 pier\u015bcie\u0144. To szybki spos\u00f3b na sp\u00f3jn\u0105 aran\u017cacj\u0119 ca\u0142ego pomieszczenia i szybk\u0105 odmian\u0119 wn\u0119trza. Zobacz nasze <a href=\"https:\/\/www.ekconcept.pl\/lampy-wiszace-z-abazurem-cat-22\"><strong>lampy wisz\u0105ce aba\u017curowe<\/strong><\/a> a tak\u017ce zapoznaj si\u0119 z <strong><a href=\"https:\/\/www.ekconcept.pl\/blog\/lampy-abazurowe-w-stylu-skandynawskim\/\" data-type=\"post\" data-id=\"3810\">inspiracjami na zawsze modne aba\u017cury wisz\u0105ce<\/a><\/strong>!<\/p>\n\n\n<div class=\"wp-block-image\">\n<figure class=\"aligncenter size-large\"><a href=\"https:\/\/www.ekconcept.pl\/lniany-abazur-cylindryczny-piaskowy-sara-35cm-id-2345\" target=\"_blank\" rel=\" noreferrer noopener\"><img loading=\"lazy\" decoding=\"async\" width=\"773\" height=\"1030\" src=\"https:\/\/www.ekconcept.pl\/blog\/wp-content\/uploads\/2026\/04\/Bezowy-abazur-lniany-cylindryczny-773x1030.jpg\" alt=\"Be\u017cowy aba\u017cur cylindryczny do lampy sto\u0142owej\" class=\"wp-image-5464\" title=\"\" srcset=\"https:\/\/www.ekconcept.pl\/blog\/wp-content\/uploads\/2026\/04\/Bezowy-abazur-lniany-cylindryczny-773x1030.jpg 773w, https:\/\/www.ekconcept.pl\/blog\/wp-content\/uploads\/2026\/04\/Bezowy-abazur-lniany-cylindryczny-225x300.jpg 225w, https:\/\/www.ekconcept.pl\/blog\/wp-content\/uploads\/2026\/04\/Bezowy-abazur-lniany-cylindryczny-768x1024.jpg 768w, https:\/\/www.ekconcept.pl\/blog\/wp-content\/uploads\/2026\/04\/Bezowy-abazur-lniany-cylindryczny-529x705.jpg 529w, https:\/\/www.ekconcept.pl\/blog\/wp-content\/uploads\/2026\/04\/Bezowy-abazur-lniany-cylindryczny.jpg 1050w\" sizes=\"auto, (max-width: 773px) 100vw, 773px\" \/><\/a><figcaption class=\"wp-element-caption\">Be\u017cowy lniany aba\u017cur cylindryczny Sara do lampy sto\u0142owej.<\/figcaption><\/figure>\n<\/div>\n\n<div class=\"wp-block-image\">\n<figure class=\"aligncenter size-large\"><a href=\"https:\/\/www.ekconcept.pl\/bezowa-lampa-wiszaca-z-abazurem-sara-35cm-id-2347\" target=\"_blank\" rel=\" noreferrer noopener\"><img loading=\"lazy\" decoding=\"async\" width=\"773\" height=\"1030\" src=\"https:\/\/www.ekconcept.pl\/blog\/wp-content\/uploads\/2026\/04\/Bezowy-abazur-cylindryczny-do-zawieszenia-773x1030.jpg\" alt=\"Be\u017cowy cylindryczny aba\u017cur wisz\u0105cy \" class=\"wp-image-5463\" title=\"\" srcset=\"https:\/\/www.ekconcept.pl\/blog\/wp-content\/uploads\/2026\/04\/Bezowy-abazur-cylindryczny-do-zawieszenia-773x1030.jpg 773w, https:\/\/www.ekconcept.pl\/blog\/wp-content\/uploads\/2026\/04\/Bezowy-abazur-cylindryczny-do-zawieszenia-225x300.jpg 225w, https:\/\/www.ekconcept.pl\/blog\/wp-content\/uploads\/2026\/04\/Bezowy-abazur-cylindryczny-do-zawieszenia-768x1024.jpg 768w, https:\/\/www.ekconcept.pl\/blog\/wp-content\/uploads\/2026\/04\/Bezowy-abazur-cylindryczny-do-zawieszenia-529x705.jpg 529w, https:\/\/www.ekconcept.pl\/blog\/wp-content\/uploads\/2026\/04\/Bezowy-abazur-cylindryczny-do-zawieszenia.jpg 1050w\" sizes=\"auto, (max-width: 773px) 100vw, 773px\" \/><\/a><figcaption class=\"wp-element-caption\">Ten sam aba\u017cur cylindryczny zawieszony na oprawce z kablem tworzy lamp\u0119 wisz\u0105c\u0105.<\/figcaption><\/figure>\n<\/div>\n\n\n<h2 class=\"wp-block-heading\" id=\"jak-dobrac-abazur-pasujacy-do-klimatu-twojego-wnetrza\">Jak dobra\u0107 aba\u017cur pasuj\u0105cy do klimatu Twojego wn\u0119trza?<\/h2>\n\n\n\n<p>Pami\u0119taj, \u017ce <strong>styl klosza powinien by\u0107 sp\u00f3jny z reszt\u0105 wn\u0119trza<\/strong> \u2013 mo\u017ce on dyskretnie podkre\u015bla\u0107 harmoni\u0119 pomieszczenia lub stanowi\u0107 wyrazisty akcent kolorystyczny, kt\u00f3ry &#8222;prze\u0142amie&#8221; stonowan\u0105 baz\u0119. <a href=\"https:\/\/www.ekconcept.pl\/abazury-cat-27\"><strong>Aba\u017cur<\/strong><\/a> to kropka nad \u201ei\u201d, kt\u00f3ra ostatecznie definiuje nastr\u00f3j Twojej przestrzeni. Je\u015bli zastanawiasz si\u0119, kt\u00f3ry model najlepiej podkre\u015bli charakter Twojego domu, skorzystaj z naszej eksperckiej \u015bci\u0105gawki:<\/p>\n\n\n\n<ul class=\"wp-block-list\">\n<li><strong>Styl japandi, boho i skandynawski <\/strong>&#8211; postaw na <strong>aba\u017cury lniane<\/strong> \u2013 ich szlachetna, naturalna struktura i widoczny po pod\u015bwietleniu splot idealnie dope\u0142niaj\u0105 spokojn\u0105, organiczn\u0105 baz\u0119. \u015awietnie sprawdza si\u0119 tutaj <a href=\"https:\/\/www.ekconcept.pl\/abazury-bezowe-cat-151\"><strong>aba\u017cury be\u017cowe<\/strong><\/a>.<\/li>\n\n\n\n<li><strong>Wn\u0119trza nowoczesne i minimalistyczne<\/strong> &#8211; najlepiej odnajd\u0105 si\u0119 tu <strong>aba\u017cury cylindryczne<\/strong> oraz <strong>p\u0142askie sto\u017cki<\/strong>, kt\u00f3re swoj\u0105 czyst\u0105, geometryczn\u0105 form\u0105 podkre\u015blaj\u0105 nowoczesny charakter oprawy.<\/li>\n\n\n\n<li><strong>Klimat vintage i retro<\/strong> &#8211; to idealne miejsce na <strong>aba\u017cury plisowane<\/strong> oraz wzorzyste <strong>aba\u017cury w kwiaty<\/strong>, kt\u00f3re wprowadzaj\u0105 do aran\u017cacji nut\u0119 nostalgii, romantyzmu i unikalnego stylu. \u015awietnie odnajd\u0105 si\u0119 tu klasyczne modele w kszta\u0142cie sto\u017cka.<\/li>\n\n\n\n<li><strong>Elegancja i styl glamour<\/strong> &#8211; wybierz <strong>aba\u017cury aksamitne<\/strong> o g\u0142\u0119bokiej barwie \u2013 mi\u0119sista tkanina stworzy intymny, luksusowy klimat i nada wn\u0119trzu wyj\u0105tkowej g\u0142\u0119bi. Tu sprawdz\u0105 si\u0119 \u015bwietnie aba\u017cury w kszta\u0142cie walca, a tak\u017ce klasyczne sto\u017cki.<\/li>\n\n\n\n<li><strong>Ponadczasowa klasyka<\/strong> \u2013 monochromatyczne, g\u0142adkie tkaniny w stonowanych kolorach to bezpieczny i elegancki wyb\u00f3r, kt\u00f3ry zawsze zachowa swoj\u0105 klas\u0119 i sp\u00f3jno\u015b\u0107 z otoczeniem. <a href=\"https:\/\/www.ekconcept.pl\/abazury-biale-cat-152\"><strong>Bia\u0142y aba\u017cur<\/strong><\/a> b\u0119dzie tu najbezpieczniejszym wyborem.<\/li>\n<\/ul>\n\n\n\n<p>Pami\u0119taj, \u017ce wymiana klosza to najprostszy spos\u00f3b, by Twoja lampa zyska\u0142a zupe\u0142nie nowe oblicze.<\/p>\n\n\n<div class=\"wp-block-image\">\n<figure class=\"aligncenter size-large\"><a href=\"https:\/\/www.ekconcept.pl\/kamienna-lampka-stolowa-kula-trawertyn-bez-pella-id-2490\" target=\"_blank\" rel=\" noreferrer noopener\"><img loading=\"lazy\" decoding=\"async\" width=\"773\" height=\"1030\" src=\"https:\/\/www.ekconcept.pl\/blog\/wp-content\/uploads\/2026\/04\/Abazur-stozek-plaski-do-lampy-stolowej-773x1030.jpg\" alt=\"Lampa sto\u0142owa z trawertynu ze sto\u017ckowym aba\u017curem\" class=\"wp-image-5461\" title=\"\" srcset=\"https:\/\/www.ekconcept.pl\/blog\/wp-content\/uploads\/2026\/04\/Abazur-stozek-plaski-do-lampy-stolowej-773x1030.jpg 773w, https:\/\/www.ekconcept.pl\/blog\/wp-content\/uploads\/2026\/04\/Abazur-stozek-plaski-do-lampy-stolowej-225x300.jpg 225w, https:\/\/www.ekconcept.pl\/blog\/wp-content\/uploads\/2026\/04\/Abazur-stozek-plaski-do-lampy-stolowej-768x1024.jpg 768w, https:\/\/www.ekconcept.pl\/blog\/wp-content\/uploads\/2026\/04\/Abazur-stozek-plaski-do-lampy-stolowej-529x705.jpg 529w, https:\/\/www.ekconcept.pl\/blog\/wp-content\/uploads\/2026\/04\/Abazur-stozek-plaski-do-lampy-stolowej.jpg 924w\" sizes=\"auto, (max-width: 773px) 100vw, 773px\" \/><\/a><figcaption class=\"wp-element-caption\">Klasyczna i ponadczasowa lampa sto\u0142owa z trawertynu uzupe\u0142niona o aba\u017cur w kszta\u0142cie p\u0142askiego sto\u017cka zyskuje nowoczesnego wygl\u0105du.<\/figcaption><\/figure>\n<\/div>\n\n\n<h2 class=\"wp-block-heading\" id=\"najczestsze-bledy-w-doborze-abazura\"><strong>Najcz\u0119stsze b\u0142\u0119dy w doborze aba\u017cura<\/strong><\/h2>\n\n\n\n<p>Jako Twoi doradcy, chcemy uchroni\u0107 Ci\u0119 przed dwiema najcz\u0119stszymi wpadkami:<\/p>\n\n\n\n<ul class=\"wp-block-list\">\n<li><strong>Zbyt ma\u0142y rozmiar:<\/strong> Lampa z mikroskopijnym kloszem traci sw\u00f3j urok i wygl\u0105da na niedopasowan\u0105. Je\u015bli si\u0119 wahasz, wybierz rozmiar wi\u0119kszy lub skontaktuj si\u0119 z nami!<\/li>\n\n\n\n<li><strong>\u0179le dobrane mocowanie:<\/strong> Zawsze upewnij si\u0119, czy Twoja lampa wymaga mocowania dolnego czy g\u00f3rnego i czy jest to typowy gwint E27, czy mo\u017ce bardziej nietypowe rozwi\u0105zanie stosowane w modelach starszego typu.<\/li>\n<\/ul>\n\n\n\n<h2 class=\"wp-block-heading\" id=\"zainwestuj-w-unikalny-abazur-i-odmien-swoje-wnetrze\"><strong>Zainwestuj w unikalny aba\u017cur i odmie\u0144 swoje wn\u0119trze!<\/strong><\/h2>\n\n\n\n<p>Wymiana aba\u017cura to <strong>inwestycja w klimat, kt\u00f3ry zostanie z Tob\u0105 na lata<\/strong>. Nie b\u00f3j si\u0119 eksperymentowa\u0107 z teksturami i kszta\u0142tami \u2013 \u015bwiat\u0142o to najbardziej elastyczne narz\u0119dzie w r\u0119kach domowego dekoratora. Jeste\u015bmy pewni, \u017ce idealnie dobrany klosz stanie si\u0119 kropk\u0105 nad &#8222;i&#8221; w Twoim wymarzonym azylu.<\/p>\n","protected":false},"excerpt":{"rendered":"<p>Cz\u0119sto wydaje nam si\u0119, \u017ce aby od\u015bwie\u017cy\u0107 wygl\u0105d salonu czy sypialni, potrzebujemy generalnego remontu lub wymiany mebli. My jeste\u015bmy natomiast zdania, \u017ce magia tkwi w detalach, a wybieraj\u0105c nowe aba\u017cury do lamp stoj\u0105cych, zyskujesz najprostszy spos\u00f3b na spektakularn\u0105 metamorfoz\u0119. To tekstylny element, kt\u00f3ry potrafi ca\u0142kowicie zmieni\u0107 charakter oprawy \u2013 od surowego minimalizmu po nastrojow\u0105 elegancj\u0119. [&hellip;]<\/p>\n","protected":false},"author":3,"featured_media":5455,"comment_status":"closed","ping_status":"closed","sticky":false,"template":"","format":"standard","meta":{"footnotes":""},"categories":[15,16],"tags":[86],"class_list":["post-5467","post","type-post","status-publish","format-standard","has-post-thumbnail","hentry","category-inspiracje","category-porady","tag-rodzaje-lamp"],"_links":{"self":[{"href":"https:\/\/www.ekconcept.pl\/blog\/wp-json\/wp\/v2\/posts\/5467","targetHints":{"allow":["GET"]}}],"collection":[{"href":"https:\/\/www.ekconcept.pl\/blog\/wp-json\/wp\/v2\/posts"}],"about":[{"href":"https:\/\/www.ekconcept.pl\/blog\/wp-json\/wp\/v2\/types\/post"}],"author":[{"embeddable":true,"href":"https:\/\/www.ekconcept.pl\/blog\/wp-json\/wp\/v2\/users\/3"}],"replies":[{"embeddable":true,"href":"https:\/\/www.ekconcept.pl\/blog\/wp-json\/wp\/v2\/comments?post=5467"}],"version-history":[{"count":6,"href":"https:\/\/www.ekconcept.pl\/blog\/wp-json\/wp\/v2\/posts\/5467\/revisions"}],"predecessor-version":[{"id":5478,"href":"https:\/\/www.ekconcept.pl\/blog\/wp-json\/wp\/v2\/posts\/5467\/revisions\/5478"}],"wp:featuredmedia":[{"embeddable":true,"href":"https:\/\/www.ekconcept.pl\/blog\/wp-json\/wp\/v2\/media\/5455"}],"wp:attachment":[{"href":"https:\/\/www.ekconcept.pl\/blog\/wp-json\/wp\/v2\/media?parent=5467"}],"wp:term":[{"taxonomy":"category","embeddable":true,"href":"https:\/\/www.ekconcept.pl\/blog\/wp-json\/wp\/v2\/categories?post=5467"},{"taxonomy":"post_tag","embeddable":true,"href":"https:\/\/www.ekconcept.pl\/blog\/wp-json\/wp\/v2\/tags?post=5467"}],"curies":[{"name":"wp","href":"https:\/\/api.w.org\/{rel}","templated":true}]}}